{"id":24632,"date":"2024-11-24T15:25:00","date_gmt":"2024-11-24T13:25:00","guid":{"rendered":"https:\/\/himos.fi\/?p=24632"},"modified":"2024-12-27T13:27:42","modified_gmt":"2024-12-27T11:27:42","slug":"kausi-alkaa-lauantaina-14-12-klo-10","status":"publish","type":"post","link":"https:\/\/himos.fi\/en\/kausi-alkaa-lauantaina-14-12-klo-10\/","title":{"rendered":"KAUSI 24\/25 ALKAA LAUANTAINA 14.12. KLO 10"},"content":{"rendered":"\n<p>Tervetuloa avaamaan laskukautta Himokselle! Himoksen 40-vuotisjuhlakausi py\u00f6r\u00e4ht\u00e4\u00e4 k\u00e4yntiin lauantaina 14.12. klo 10. Kauden avauksessa on mukana 5 rinnett\u00e4, joista<em> <\/em>2 on Lumilassa. Murrin rinteeseen tulee reilej\u00e4 ja pressej\u00e4.<\/p>\n\n\n\n<p>Viikonloppuna l\u00e4nsirinteiden huipulle noustaan 4-hengen tuolihissill\u00e4. M\u00f6k\u00f6n sek\u00e4 Murrin rinteiss\u00e4 on k\u00e4yt\u00f6ss\u00e4 joko sompa- tai ankkurihissi. Lumilassa k\u00e4yt\u00f6ss\u00e4 on sek\u00e4 sompa- ett\u00e4 mattohissi.<\/p>\n\n\n\n<p>Tarkemmat ja&nbsp;<strong>p\u00e4ivittyv\u00e4t rinnetiedot l\u00f6ytyv\u00e4t&nbsp;<a href=\"https:\/\/himos.fi\/laskettelu\/rinneinfo\/\">rinneinfosta.<\/a><\/strong><\/p>\n\n\n\n<p>Huomioithan my\u00f6s, ett\u00e4 rinteiden lumetus on viel\u00e4 kesken ja sit\u00e4 jatketaan aina s\u00e4\u00e4n salliessa.<\/p>\n\n\n\n<p><strong>AUKIOLOAJAT<\/strong><\/p>\n\n\n\n<p>Rinteet ovat avoinna lauantaina 14.12. ja sunnuntaina 15.12. klo 10-17.<br>Maanantaista 16.12. perjantaihin 20.12. rinteet ovat avoinna 15.30-19.30.<\/p>\n\n\n\n<p><strong>AVAA LASKUKAUSI TARJOUSHINNOIN<\/strong><\/p>\n\n\n\n<p><strong>Hissiliput<\/strong><\/p>\n\n\n\n<p>Avajaistarjous saatavilla vain lipunmyynnist\u00e4 lauantaina 14.12. ja sunnuntaina 15.12. omalle sirukortille ladattuna:<\/p>\n\n\n\n<p>P\u00e4iv\u00e4 30 \u20ac (norm. 50 \u20ac)<br>P\u00e4iv\u00e4 7-11-v. 20 \u20ac (norm. 30 \u20ac)<\/p>\n\n\n\n<p>2 p\u00e4iv\u00e4\u00e4 60 \u20ac (norm. 95 \u20ac)<br>2 p\u00e4iv\u00e4\u00e4 7-11-v. 40 \u20ac (norm. 57 \u20ac)<\/p>\n\n\n\n<p>3 tuntia 25 \u20ac (norm. 44 \u20ac)<br>3 tuntia 17 \u20ac (norm. 27 \u20ac)  <\/p>\n\n\n\n<p>Lumila alueliput -50% (ei huoltajaliput)<\/p>\n\n\n\n<p>Maanantaista 16.12. perjantaihin 20.12. iltaliput -50% omalle sirukortille ladattuna:<\/p>\n\n\n\n<p>Iltakortti 18 \u20ac (norm. 36 \u20ac)<br>Iltakortti 7-11-v. 10,50 \u20ac (norm. 21 \u20ac)<\/p>\n\n\n\n<p>Lumila alueliput -50% (ei huoltajaliput)<\/p>\n\n\n\n<p><strong>Vuokrav\u00e4lineet<\/strong><\/p>\n\n\n\n<p>Lauantain 14.12. ja sunnuntaina 15.12. kaikki v\u00e4linevuokrat -20%<\/p>\n\n\n\n<p>Maanantaista 16.12. perjantaihin 20.12. v\u00e4linevuokrat -50%<\/p>\n\n\n\n<p><strong>ENSILUMENLATU<\/strong><\/p>\n\n\n\n<p>Ensilumenladulle p\u00e4\u00e4see Himoksen l\u00e4nsirinteiden alaosan parkkipaikalta, osoitteesta Himosraitti 2.<br><\/p>\n\n\n\n<p>Ensilumenladun pituus on suuntaansa n. 1,5km. Latu on edestakaisin hiihdett\u00e4v\u00e4\u00e4 leve\u00e4\u00e4 baanaa, josta noin kilometri tasaisempaa osuutta ja loppu hieman haastavampaa m\u00e4kist\u00e4 profiilia. Latu on osittain valaistu klo 06.00-09.00 sek\u00e4 klo 16.00-21.00. Taukoa voi pit\u00e4\u00e4 vaikkapa luoteisrinteiden alaosassa sijaitsevalla laavulla, josta l\u00f6ytyy polttopuita ja bajamaja.<\/p>\n\n\n\n<p><strong>Ohjeet ensilumenladun lippujen hankintaan:<\/strong><\/p>\n\n\n\n<p><strong>1.&nbsp;<\/strong><mark><strong>MobilePayll\u00e4 voit HELPOSTI ostaa&nbsp;P\u00c4IV\u00c4LIPUN&nbsp;ladun l\u00e4ht\u00f6paikalta.<\/strong><\/mark>&nbsp;MobilePay maksuista ei tule erillist\u00e4 lippua. Lipuntarkastuksen yhteydess\u00e4 on pystytt\u00e4v\u00e4 n\u00e4ytt\u00e4m\u00e4\u00e4n maksu puhelimesta (tapahtumat) tai voi itse tulostaa maksutapahtumasta kuitin matkaan.<\/p>\n\n\n\n<p><strong>2. Kausikortin tai p\u00e4iv\u00e4lipun<\/strong>&nbsp;voi hankkia Center Market Himokselta (Himos kauppa)&nbsp;<a href=\"https:\/\/www.centermarkethimos.fi\/\">https:\/\/www.centermarkethimos.fi\/<\/a><br>Osoite: L\u00e4nsi-Himoksentie 4, 42100 J\u00e4ms\u00e4. Kauppa on avoinna&nbsp;<strong>ma-to<\/strong>&nbsp;klo 9-17,&nbsp;<strong>pe<\/strong>&nbsp;9-18,&nbsp;<strong>la<\/strong>&nbsp;10-18,&nbsp;<strong>su<\/strong>&nbsp;10-14.<\/p>\n\n\n\n<p><strong>3. Kausikortin tai p\u00e4iv\u00e4lipun voi&nbsp;<\/strong>hankkia Himos Center vastaanotosta<strong>&nbsp;<\/strong><a href=\"https:\/\/himoslomat.fi\/tuloinfo\/\">https:\/\/himoslomat.fi\/tuloinfo\/<\/a>&nbsp;&nbsp;K\u00c4TEISMAKSU<br>Osoite:&nbsp;L\u00e4nsi-Himoksentie 4, 42100 J\u00e4ms\u00e4. Himos Center avoinna&nbsp;<strong>ma-to&nbsp;<\/strong>10-17,&nbsp;<strong>pe<\/strong>&nbsp;10-21,&nbsp;<strong>la<\/strong>&nbsp;10-17,&nbsp;<strong>su&nbsp;<\/strong>10-16<\/p>\n\n\n\n<p><strong>4. &nbsp;Kausikortin tai p\u00e4iv\u00e4lipun<\/strong>&nbsp;voi hankkia kulttuuri- ja liikuntaeduilla Himos-Yhti\u00f6t Oy:n toimistolta.<br>(Edenred, Smartum, ePassi, Tyky) Toimisto on avoinna&nbsp;<strong>arkisin<\/strong>&nbsp;klo 9-15.<br>Rinteiden auettua liput voi hankkia my\u00f6s lipunmyynnist\u00e4 rinteiden aukioloaikojen mukaisesti.&nbsp;<a href=\"https:\/\/himos.fi\/aukioloajat\/\" target=\"_blank\" rel=\"noreferrer noopener\">https:\/\/himos.fi\/aukioloajat\/<\/a><\/p>\n\n\n\n<p><strong>HERKUTTELE RINNERAVINTOLOISSA<\/strong><\/p>\n\n\n\n<p><a href=\"https:\/\/himosravintolat.fi\/rinneravintolat\/\" target=\"_blank\" rel=\"noreferrer noopener\">HimosBistro<\/a> palvelee p\u00e4ivitt\u00e4in l\u00e4nsirinteiden \u00e4\u00e4rell\u00e4 rinteiden aukioloaikoina. <\/p>\n\n\n\n<p><a href=\"https:\/\/himosmajoitus.fi\/ravintola-rinne\/\" target=\"_blank\" rel=\"noreferrer noopener\">Ravintola Rinne<\/a> palvelee vaihtuvin aukioloajoin.<\/p>\n\n\n\n<p><strong>MAJOITU UUDELLE CARAVAN ALUEELLE<\/strong><\/p>\n\n\n\n<p>L\u00e4nsirinteiden uusi caravanalue sijaitsee kivenheiton p\u00e4\u00e4ss\u00e4 lauantaina avattavilta rinteilt\u00e4 ja varauksen voi tehd\u00e4 k\u00e4tev\u00e4sti netiss\u00e4 osoitteessa <a href=\"https:\/\/himos.eparking.fi\/fi\" target=\"_blank\" rel=\"noreferrer noopener\">himos.eparking.fi<\/a><\/p>\n\n\n\n<p>Artikkeli julkaistu 11.12.2024<\/p>\n","protected":false},"excerpt":{"rendered":"<p>Tervetuloa avaamaan laskukautta Himokselle! Himoksen 40-vuotisjuhlakausi py\u00f6r\u00e4ht\u00e4\u00e4 k\u00e4yntiin lauantaina 14.12. klo 10. Kauden avauksessa on mukana 5 rinnett\u00e4, joista 2 on Lumilassa. Murrin rinteeseen tulee reilej\u00e4 ja pressej\u00e4. Viikonloppuna l\u00e4nsirinteiden huipulle noustaan 4-hengen tuolihissill\u00e4. M\u00f6k\u00f6n sek\u00e4 Murrin rinteiss\u00e4 on k\u00e4yt\u00f6ss\u00e4 joko sompa- tai ankkurihissi. Lumilassa k\u00e4yt\u00f6ss\u00e4 on sek\u00e4 sompa- ett\u00e4 mattohissi. Tarkemmat ja&nbsp;p\u00e4ivittyv\u00e4t rinnetiedot l\u00f6ytyv\u00e4t&nbsp;rinneinfosta. [&hellip;]<\/p>\n","protected":false},"author":9,"featured_media":24633,"comment_status":"closed","ping_status":"open","sticky":false,"template":"","format":"standard","meta":[],"categories":[39,1],"acf":[],"featured_image_src":"https:\/\/himos.fi\/wp-content\/uploads\/2024\/12\/Himos_2024-240.jpg","author_info":{"display_name":"Mari Minkkinen","author_link":"https:\/\/himos.fi\/en\/author\/mari-minkkinenhimos-fi\/"},"yoast_head":"<!-- This site is optimized with the Yoast SEO plugin v19.11 - https:\/\/yoast.com\/wordpress\/plugins\/seo\/ -->\n<title>KAUSI 24\/25 ALKAA LAUANTAINA 14.12. KLO 10 - Himos.fi<\/title>\n<meta name=\"description\" content=\"Tervetuloa avaamaan laskukautta Himokselle! Himoksen 40-vuotisjuhlakausi py\u00f6r\u00e4ht\u00e4\u00e4 k\u00e4yntiin lauantaina 14.12. klo 10...\" \/>\n<meta name=\"robots\" content=\"index, follow, max-snippet:-1, max-image-preview:large, max-video-preview:-1\" \/>\n<link rel=\"canonical\" href=\"https:\/\/himos.fi\/en\/kausi-alkaa-lauantaina-14-12-klo-10\/\" \/>\n<meta property=\"og:locale\" content=\"en_US\" \/>\n<meta property=\"og:type\" content=\"article\" \/>\n<meta property=\"og:title\" content=\"KAUSI 24\/25 ALKAA LAUANTAINA 14.12. KLO 10 - Himos.fi\" \/>\n<meta property=\"og:description\" content=\"Tervetuloa avaamaan laskukautta Himokselle! Himoksen 40-vuotisjuhlakausi py\u00f6r\u00e4ht\u00e4\u00e4 k\u00e4yntiin lauantaina 14.12. klo 10...\" \/>\n<meta property=\"og:url\" content=\"https:\/\/himos.fi\/en\/kausi-alkaa-lauantaina-14-12-klo-10\/\" \/>\n<meta property=\"og:site_name\" content=\"Himos.fi\" \/>\n<meta property=\"article:publisher\" content=\"https:\/\/www.facebook.com\/himosskiresort\/\" \/>\n<meta property=\"article:published_time\" content=\"2024-11-24T13:25:00+00:00\" \/>\n<meta property=\"article:modified_time\" content=\"2024-12-27T11:27:42+00:00\" \/>\n<meta property=\"og:image\" content=\"https:\/\/himos.fi\/wp-content\/uploads\/2024\/12\/Himos_2024-240-1024x683.jpg\" \/>\n\t<meta property=\"og:image:width\" content=\"1024\" \/>\n\t<meta property=\"og:image:height\" content=\"683\" \/>\n\t<meta property=\"og:image:type\" content=\"image\/jpeg\" \/>\n<meta name=\"author\" content=\"Mari Minkkinen\" \/>\n<meta name=\"twitter:card\" content=\"summary_large_image\" \/>\n<meta name=\"twitter:label1\" content=\"Written by\" \/>\n\t<meta name=\"twitter:data1\" content=\"Mari Minkkinen\" \/>\n\t<meta name=\"twitter:label2\" content=\"Est. reading time\" \/>\n\t<meta name=\"twitter:data2\" content=\"2 minutes\" \/>\n<script type=\"application\/ld+json\" class=\"yoast-schema-graph\">{\"@context\":\"https:\/\/schema.org\",\"@graph\":[{\"@type\":\"Article\",\"@id\":\"https:\/\/himos.fi\/en\/kausi-alkaa-lauantaina-14-12-klo-10\/#article\",\"isPartOf\":{\"@id\":\"https:\/\/himos.fi\/en\/kausi-alkaa-lauantaina-14-12-klo-10\/\"},\"author\":{\"name\":\"Mari Minkkinen\",\"@id\":\"https:\/\/himos.fi\/en\/#\/schema\/person\/bcd80d385e43656978ae6c2668163c19\"},\"headline\":\"KAUSI 24\/25 ALKAA LAUANTAINA 14.12. KLO 10\",\"datePublished\":\"2024-11-24T13:25:00+00:00\",\"dateModified\":\"2024-12-27T11:27:42+00:00\",\"mainEntityOfPage\":{\"@id\":\"https:\/\/himos.fi\/en\/kausi-alkaa-lauantaina-14-12-klo-10\/\"},\"wordCount\":456,\"publisher\":{\"@id\":\"https:\/\/himos.fi\/en\/#organization\"},\"articleSection\":[\"Ajankohtaiset\",\"Ei kategoriaa\"],\"inLanguage\":\"en-US\"},{\"@type\":\"WebPage\",\"@id\":\"https:\/\/himos.fi\/en\/kausi-alkaa-lauantaina-14-12-klo-10\/\",\"url\":\"https:\/\/himos.fi\/en\/kausi-alkaa-lauantaina-14-12-klo-10\/\",\"name\":\"KAUSI 24\/25 ALKAA LAUANTAINA 14.12. KLO 10 - Himos.fi\",\"isPartOf\":{\"@id\":\"https:\/\/himos.fi\/en\/#website\"},\"datePublished\":\"2024-11-24T13:25:00+00:00\",\"dateModified\":\"2024-12-27T11:27:42+00:00\",\"description\":\"Tervetuloa avaamaan laskukautta Himokselle! Himoksen 40-vuotisjuhlakausi py\u00f6r\u00e4ht\u00e4\u00e4 k\u00e4yntiin lauantaina 14.12. klo 10...\",\"breadcrumb\":{\"@id\":\"https:\/\/himos.fi\/en\/kausi-alkaa-lauantaina-14-12-klo-10\/#breadcrumb\"},\"inLanguage\":\"en-US\",\"potentialAction\":[{\"@type\":\"ReadAction\",\"target\":[\"https:\/\/himos.fi\/en\/kausi-alkaa-lauantaina-14-12-klo-10\/\"]}]},{\"@type\":\"BreadcrumbList\",\"@id\":\"https:\/\/himos.fi\/en\/kausi-alkaa-lauantaina-14-12-klo-10\/#breadcrumb\",\"itemListElement\":[{\"@type\":\"ListItem\",\"position\":1,\"name\":\"Home\",\"item\":\"https:\/\/himos.fi\/en\/\"},{\"@type\":\"ListItem\",\"position\":2,\"name\":\"KAUSI 24\/25 ALKAA LAUANTAINA 14.12. KLO 10\"}]},{\"@type\":\"WebSite\",\"@id\":\"https:\/\/himos.fi\/en\/#website\",\"url\":\"https:\/\/himos.fi\/en\/\",\"name\":\"Himos.fi\",\"description\":\"Lumi-Suomen keskipiste!\",\"publisher\":{\"@id\":\"https:\/\/himos.fi\/en\/#organization\"},\"potentialAction\":[{\"@type\":\"SearchAction\",\"target\":{\"@type\":\"EntryPoint\",\"urlTemplate\":\"https:\/\/himos.fi\/en\/?s={search_term_string}\"},\"query-input\":\"required name=search_term_string\"}],\"inLanguage\":\"en-US\"},{\"@type\":\"Organization\",\"@id\":\"https:\/\/himos.fi\/en\/#organization\",\"name\":\"Himos-Yhti\u00f6t Oy\",\"url\":\"https:\/\/himos.fi\/en\/\",\"logo\":{\"@type\":\"ImageObject\",\"inLanguage\":\"en-US\",\"@id\":\"https:\/\/himos.fi\/en\/#\/schema\/logo\/image\/\",\"url\":\"https:\/\/himos.fi\/wp-content\/uploads\/2019\/09\/logo-meili.jpg\",\"contentUrl\":\"https:\/\/himos.fi\/wp-content\/uploads\/2019\/09\/logo-meili.jpg\",\"width\":273,\"height\":96,\"caption\":\"Himos-Yhti\u00f6t Oy\"},\"image\":{\"@id\":\"https:\/\/himos.fi\/en\/#\/schema\/logo\/image\/\"},\"sameAs\":[\"https:\/\/www.instagram.com\/himosskiresort\/\",\"https:\/\/www.youtube.com\/channel\/UCwqSxGN5HaqH3FvCl96ZBFw\",\"https:\/\/www.facebook.com\/himosskiresort\/\"]},{\"@type\":\"Person\",\"@id\":\"https:\/\/himos.fi\/en\/#\/schema\/person\/bcd80d385e43656978ae6c2668163c19\",\"name\":\"Mari Minkkinen\",\"image\":{\"@type\":\"ImageObject\",\"inLanguage\":\"en-US\",\"@id\":\"https:\/\/himos.fi\/en\/#\/schema\/person\/image\/\",\"url\":\"https:\/\/himos.fi\/wp-content\/litespeed\/avatar\/8bf4006aa082eb377cfb6c75327c92b5.jpg?ver=1777552516\",\"contentUrl\":\"https:\/\/himos.fi\/wp-content\/litespeed\/avatar\/8bf4006aa082eb377cfb6c75327c92b5.jpg?ver=1777552516\",\"caption\":\"Mari Minkkinen\"},\"url\":\"https:\/\/himos.fi\/en\/author\/mari-minkkinenhimos-fi\/\"}]}<\/script>\n<!-- \/ Yoast SEO plugin. -->","yoast_head_json":{"title":"KAUSI 24\/25 ALKAA LAUANTAINA 14.12. KLO 10 - Himos.fi","description":"Tervetuloa avaamaan laskukautta Himokselle! Himoksen 40-vuotisjuhlakausi py\u00f6r\u00e4ht\u00e4\u00e4 k\u00e4yntiin lauantaina 14.12. klo 10...","robots":{"index":"index","follow":"follow","max-snippet":"max-snippet:-1","max-image-preview":"max-image-preview:large","max-video-preview":"max-video-preview:-1"},"canonical":"https:\/\/himos.fi\/en\/kausi-alkaa-lauantaina-14-12-klo-10\/","og_locale":"en_US","og_type":"article","og_title":"KAUSI 24\/25 ALKAA LAUANTAINA 14.12. KLO 10 - Himos.fi","og_description":"Tervetuloa avaamaan laskukautta Himokselle! Himoksen 40-vuotisjuhlakausi py\u00f6r\u00e4ht\u00e4\u00e4 k\u00e4yntiin lauantaina 14.12. klo 10...","og_url":"https:\/\/himos.fi\/en\/kausi-alkaa-lauantaina-14-12-klo-10\/","og_site_name":"Himos.fi","article_publisher":"https:\/\/www.facebook.com\/himosskiresort\/","article_published_time":"2024-11-24T13:25:00+00:00","article_modified_time":"2024-12-27T11:27:42+00:00","og_image":[{"width":1024,"height":683,"url":"https:\/\/himos.fi\/wp-content\/uploads\/2024\/12\/Himos_2024-240-1024x683.jpg","type":"image\/jpeg"}],"author":"Mari Minkkinen","twitter_card":"summary_large_image","twitter_misc":{"Written by":"Mari Minkkinen","Est. reading time":"2 minutes"},"schema":{"@context":"https:\/\/schema.org","@graph":[{"@type":"Article","@id":"https:\/\/himos.fi\/en\/kausi-alkaa-lauantaina-14-12-klo-10\/#article","isPartOf":{"@id":"https:\/\/himos.fi\/en\/kausi-alkaa-lauantaina-14-12-klo-10\/"},"author":{"name":"Mari Minkkinen","@id":"https:\/\/himos.fi\/en\/#\/schema\/person\/bcd80d385e43656978ae6c2668163c19"},"headline":"KAUSI 24\/25 ALKAA LAUANTAINA 14.12. KLO 10","datePublished":"2024-11-24T13:25:00+00:00","dateModified":"2024-12-27T11:27:42+00:00","mainEntityOfPage":{"@id":"https:\/\/himos.fi\/en\/kausi-alkaa-lauantaina-14-12-klo-10\/"},"wordCount":456,"publisher":{"@id":"https:\/\/himos.fi\/en\/#organization"},"articleSection":["Ajankohtaiset","Ei kategoriaa"],"inLanguage":"en-US"},{"@type":"WebPage","@id":"https:\/\/himos.fi\/en\/kausi-alkaa-lauantaina-14-12-klo-10\/","url":"https:\/\/himos.fi\/en\/kausi-alkaa-lauantaina-14-12-klo-10\/","name":"KAUSI 24\/25 ALKAA LAUANTAINA 14.12. KLO 10 - Himos.fi","isPartOf":{"@id":"https:\/\/himos.fi\/en\/#website"},"datePublished":"2024-11-24T13:25:00+00:00","dateModified":"2024-12-27T11:27:42+00:00","description":"Tervetuloa avaamaan laskukautta Himokselle! Himoksen 40-vuotisjuhlakausi py\u00f6r\u00e4ht\u00e4\u00e4 k\u00e4yntiin lauantaina 14.12. klo 10...","breadcrumb":{"@id":"https:\/\/himos.fi\/en\/kausi-alkaa-lauantaina-14-12-klo-10\/#breadcrumb"},"inLanguage":"en-US","potentialAction":[{"@type":"ReadAction","target":["https:\/\/himos.fi\/en\/kausi-alkaa-lauantaina-14-12-klo-10\/"]}]},{"@type":"BreadcrumbList","@id":"https:\/\/himos.fi\/en\/kausi-alkaa-lauantaina-14-12-klo-10\/#breadcrumb","itemListElement":[{"@type":"ListItem","position":1,"name":"Home","item":"https:\/\/himos.fi\/en\/"},{"@type":"ListItem","position":2,"name":"KAUSI 24\/25 ALKAA LAUANTAINA 14.12. KLO 10"}]},{"@type":"WebSite","@id":"https:\/\/himos.fi\/en\/#website","url":"https:\/\/himos.fi\/en\/","name":"Himos.fi","description":"Lumi-Suomen keskipiste!","publisher":{"@id":"https:\/\/himos.fi\/en\/#organization"},"potentialAction":[{"@type":"SearchAction","target":{"@type":"EntryPoint","urlTemplate":"https:\/\/himos.fi\/en\/?s={search_term_string}"},"query-input":"required name=search_term_string"}],"inLanguage":"en-US"},{"@type":"Organization","@id":"https:\/\/himos.fi\/en\/#organization","name":"Himos-Yhti\u00f6t Oy","url":"https:\/\/himos.fi\/en\/","logo":{"@type":"ImageObject","inLanguage":"en-US","@id":"https:\/\/himos.fi\/en\/#\/schema\/logo\/image\/","url":"https:\/\/himos.fi\/wp-content\/uploads\/2019\/09\/logo-meili.jpg","contentUrl":"https:\/\/himos.fi\/wp-content\/uploads\/2019\/09\/logo-meili.jpg","width":273,"height":96,"caption":"Himos-Yhti\u00f6t Oy"},"image":{"@id":"https:\/\/himos.fi\/en\/#\/schema\/logo\/image\/"},"sameAs":["https:\/\/www.instagram.com\/himosskiresort\/","https:\/\/www.youtube.com\/channel\/UCwqSxGN5HaqH3FvCl96ZBFw","https:\/\/www.facebook.com\/himosskiresort\/"]},{"@type":"Person","@id":"https:\/\/himos.fi\/en\/#\/schema\/person\/bcd80d385e43656978ae6c2668163c19","name":"Mari Minkkinen","image":{"@type":"ImageObject","inLanguage":"en-US","@id":"https:\/\/himos.fi\/en\/#\/schema\/person\/image\/","url":"https:\/\/himos.fi\/wp-content\/litespeed\/avatar\/8bf4006aa082eb377cfb6c75327c92b5.jpg?ver=1777552516","contentUrl":"https:\/\/himos.fi\/wp-content\/litespeed\/avatar\/8bf4006aa082eb377cfb6c75327c92b5.jpg?ver=1777552516","caption":"Mari Minkkinen"},"url":"https:\/\/himos.fi\/en\/author\/mari-minkkinenhimos-fi\/"}]}},"_links":{"self":[{"href":"https:\/\/himos.fi\/en\/wp-json\/wp\/v2\/posts\/24632"}],"collection":[{"href":"https:\/\/himos.fi\/en\/wp-json\/wp\/v2\/posts"}],"about":[{"href":"https:\/\/himos.fi\/en\/wp-json\/wp\/v2\/types\/post"}],"author":[{"embeddable":true,"href":"https:\/\/himos.fi\/en\/wp-json\/wp\/v2\/users\/9"}],"replies":[{"embeddable":true,"href":"https:\/\/himos.fi\/en\/wp-json\/wp\/v2\/comments?post=24632"}],"version-history":[{"count":11,"href":"https:\/\/himos.fi\/en\/wp-json\/wp\/v2\/posts\/24632\/revisions"}],"predecessor-version":[{"id":24778,"href":"https:\/\/himos.fi\/en\/wp-json\/wp\/v2\/posts\/24632\/revisions\/24778"}],"wp:featuredmedia":[{"embeddable":true,"href":"https:\/\/himos.fi\/en\/wp-json\/wp\/v2\/media\/24633"}],"wp:attachment":[{"href":"https:\/\/himos.fi\/en\/wp-json\/wp\/v2\/media?parent=24632"}],"wp:term":[{"taxonomy":"category","embeddable":true,"href":"https:\/\/himos.fi\/en\/wp-json\/wp\/v2\/categories?post=24632"}],"curies":[{"name":"wp","href":"https:\/\/api.w.org\/{rel}","templated":true}]}}