{"id":25818,"date":"2025-01-27T09:40:29","date_gmt":"2025-01-27T07:40:29","guid":{"rendered":"https:\/\/himos.fi\/?p=25818"},"modified":"2025-01-27T15:56:11","modified_gmt":"2025-01-27T13:56:11","slug":"himos-yhtiot-oylle-keski-suomen-maakunnallinen-yrittajapalkinto","status":"publish","type":"post","link":"https:\/\/himos.fi\/en\/himos-yhtiot-oylle-keski-suomen-maakunnallinen-yrittajapalkinto\/","title":{"rendered":"HIMOS-YHTI\u00d6T OY POKKASI KESKI-SUOMEN MAAKUNNALLISEN YRITT\u00c4J\u00c4PALKINNON"},"content":{"rendered":"\n<p><strong>Himos-Yhti\u00f6t Oy:lle on my\u00f6nnetty Keski-Suomen maakunnallinen yritt\u00e4j\u00e4palkinto 2024. Palkinto luovutettiin Keski-Suomen Yritt\u00e4j\u00e4juhlassa Jyv\u00e4skyl\u00e4n Paviljongissa lauantaina 25. tammikuuta<\/strong> <strong>2025.<\/strong><\/p>\n\n\n\n<p>Palkintoraadin mukaan Himos-Yhti\u00f6t on kasvanut merkitt\u00e4v\u00e4ksi matkailualan toimijaksi Suomessa. Yhti\u00f6n panostukset matkailuun ovat vahvistaneet Keski-Suomen aluetaloutta ja matkailun vetovoimaa. Himos-Yhti\u00f6iden toiminta ty\u00f6llist\u00e4\u00e4 suoraan ja v\u00e4lillisesti lukuisia paikallisia yritt\u00e4ji\u00e4 ja ty\u00f6ntekij\u00f6it\u00e4 matkailun, ravintola-alan sek\u00e4 palveluiden parissa.<br><br>Perusteluissa todetaan my\u00f6s, ett\u00e4 Himos-Yhti\u00f6t on osoittanut vahvaa resilienssi\u00e4 sopeutuessaan matkailualan muutoksiin ja haasteisiin. Yhti\u00f6 on sitoutunut vastuulliseen matkailuun ja kest\u00e4v\u00e4n kehityksen periaatteisiin. Himos on aktiivisesti mukana paikallisyhteis\u00f6n kehitt\u00e4misess\u00e4 ja tukemisessa. Yhti\u00f6 tekee tiivist\u00e4 yhteisty\u00f6t\u00e4 muiden alueen yritt\u00e4jien ja toimijoiden kanssa luoden synergiaetuja, jotka vahvistavat paikallista elinkeinoa. Lis\u00e4ksi Himos toimii merkitt\u00e4v\u00e4n\u00e4 alueellisena vetovoimatekij\u00e4n\u00e4, joka tuo taloudellista hyvinvointia ja tukee Keski-Suomen yritt\u00e4j\u00e4kentt\u00e4\u00e4 laajasti.<\/p>\n\n\n\n<p>-Olemme perheyrityksen\u00e4 eritt\u00e4in otettuja ja kiitollisia saadessamme maakunnallisen yritt\u00e4j\u00e4palkinnon uraauurtavasta ja pitk\u00e4j\u00e4nteisest\u00e4 keskisuomalaisen matkailun eteen tekem\u00e4st\u00e4mme ty\u00f6st\u00e4. Vetovoimainen hiihtokeskus tuo ymp\u00e4rilleen jopa kymmenkertaisen matkailutulon omaan hissiliikevaihtoonsa n\u00e4hden ja voi siten mahdollistaa kokonaisen matkailualueen synnyn, kuten Himoksellakin on tapahtunut. L\u00e4mmin kiitos tunnustuksesta kuuluu my\u00f6s meid\u00e4n ammattitaitoiselle ja sitoutuneelle henkil\u00f6kunnallemme, pitk\u00e4aikaisille yhteisty\u00f6kumppaneillemme sek\u00e4 ihanan uskollisille asiakkaillemme, Himos-Yhti\u00f6t Oy:n toimitusjohtaja&nbsp;<strong>Elsi Ojala<\/strong>&nbsp;kommentoi.<br><br>Maakunnallisen yritt\u00e4j\u00e4palkinnon saajan valitsi raati, jossa olivat&nbsp;<strong>Katri Piilola<\/strong>, Keski-Suomen Osuuspankki;&nbsp;<strong>Kimmo Valkeinen<\/strong>, Valwood Oy;&nbsp;<strong>Vesa Saarikoski<\/strong>, Jamk;&nbsp;<strong>Pekka Hokkanen<\/strong>, Keski-Suomen liitto;&nbsp;<strong>Pirkko Melville<\/strong>, Keski-Suomen ELY-keskus;&nbsp;<strong>Jari-Pekka Koponen<\/strong>, Keski-Suomen Yritt\u00e4j\u00e4t;&nbsp;<strong>Johanna Soilu<\/strong>, Fashion Unit Oy;&nbsp;<strong>Niko Eskelinen<\/strong>, WayOut Oy;&nbsp;<strong>Juha Peltom\u00e4ki<\/strong>, Elisa;&nbsp;<strong>Piritta H\u00e4m\u00e4l\u00e4inen<\/strong>, Fennia;&nbsp;<strong>Anu Ojala<\/strong>, Jyv\u00e4skyl\u00e4n yliopisto;<strong>&nbsp;Liisa Marin<\/strong>, Gradia;&nbsp;<strong>Sanna-Mari Jyr\u00e4koski<\/strong>&nbsp;ja&nbsp;<strong>Sanna Tarkiainen<\/strong>, Keski-Suomen Yritt\u00e4j\u00e4t, raadin sihteerit.<\/p>\n\n\n\n<p>Artikkeli on julkaistu 27.1.2025<\/p>\n","protected":false},"excerpt":{"rendered":"<p>Himos-Yhti\u00f6t Oy:lle on my\u00f6nnetty Keski-Suomen maakunnallinen yritt\u00e4j\u00e4palkinto 2024. Palkinto luovutettiin Keski-Suomen Yritt\u00e4j\u00e4juhlassa Jyv\u00e4skyl\u00e4n Paviljongissa lauantaina 25. tammikuuta 2025. Palkintoraadin mukaan Himos-Yhti\u00f6t on kasvanut merkitt\u00e4v\u00e4ksi matkailualan toimijaksi Suomessa. Yhti\u00f6n panostukset matkailuun ovat vahvistaneet Keski-Suomen aluetaloutta ja matkailun vetovoimaa. Himos-Yhti\u00f6iden toiminta ty\u00f6llist\u00e4\u00e4 suoraan ja v\u00e4lillisesti lukuisia paikallisia yritt\u00e4ji\u00e4 ja ty\u00f6ntekij\u00f6it\u00e4 matkailun, ravintola-alan sek\u00e4 palveluiden parissa. Perusteluissa todetaan [&hellip;]<\/p>\n","protected":false},"author":9,"featured_media":25819,"comment_status":"closed","ping_status":"open","sticky":false,"template":"","format":"standard","meta":[],"categories":[39],"acf":[],"featured_image_src":"https:\/\/himos.fi\/wp-content\/uploads\/2025\/01\/KSY.jpg","author_info":{"display_name":"Mari Minkkinen","author_link":"https:\/\/himos.fi\/en\/author\/mari-minkkinenhimos-fi\/"},"yoast_head":"<!-- This site is optimized with the Yoast SEO plugin v19.11 - https:\/\/yoast.com\/wordpress\/plugins\/seo\/ -->\n<title>HIMOS-YHTI\u00d6T OY POKKASI KESKI-SUOMEN MAAKUNNALLISEN YRITT\u00c4J\u00c4PALKINNON - Himos.fi | Lumi-Suomen keskipiste!<\/title>\n<meta name=\"robots\" content=\"index, follow, max-snippet:-1, max-image-preview:large, max-video-preview:-1\" \/>\n<link rel=\"canonical\" href=\"https:\/\/himos.fi\/en\/himos-yhtiot-oylle-keski-suomen-maakunnallinen-yrittajapalkinto\/\" \/>\n<meta property=\"og:locale\" content=\"en_US\" \/>\n<meta property=\"og:type\" content=\"article\" \/>\n<meta property=\"og:title\" content=\"HIMOS-YHTI\u00d6T OY POKKASI KESKI-SUOMEN MAAKUNNALLISEN YRITT\u00c4J\u00c4PALKINNON - Himos.fi | Lumi-Suomen keskipiste!\" \/>\n<meta property=\"og:description\" content=\"Himos-Yhti\u00f6t Oy:lle on my\u00f6nnetty Keski-Suomen maakunnallinen yritt\u00e4j\u00e4palkinto 2024. Palkinto luovutettiin Keski-Suomen Yritt\u00e4j\u00e4juhlassa Jyv\u00e4skyl\u00e4n Paviljongissa lauantaina 25. tammikuuta 2025. Palkintoraadin mukaan Himos-Yhti\u00f6t on kasvanut merkitt\u00e4v\u00e4ksi matkailualan toimijaksi Suomessa. Yhti\u00f6n panostukset matkailuun ovat vahvistaneet Keski-Suomen aluetaloutta ja matkailun vetovoimaa. Himos-Yhti\u00f6iden toiminta ty\u00f6llist\u00e4\u00e4 suoraan ja v\u00e4lillisesti lukuisia paikallisia yritt\u00e4ji\u00e4 ja ty\u00f6ntekij\u00f6it\u00e4 matkailun, ravintola-alan sek\u00e4 palveluiden parissa. Perusteluissa todetaan [&hellip;]\" \/>\n<meta property=\"og:url\" content=\"https:\/\/himos.fi\/en\/himos-yhtiot-oylle-keski-suomen-maakunnallinen-yrittajapalkinto\/\" \/>\n<meta property=\"og:site_name\" content=\"Himos.fi\" \/>\n<meta property=\"article:publisher\" content=\"https:\/\/www.facebook.com\/himosskiresort\/\" \/>\n<meta property=\"article:published_time\" content=\"2025-01-27T07:40:29+00:00\" \/>\n<meta property=\"article:modified_time\" content=\"2025-01-27T13:56:11+00:00\" \/>\n<meta property=\"og:image\" content=\"https:\/\/himos.fi\/wp-content\/uploads\/2025\/01\/KSY.jpg\" \/>\n\t<meta property=\"og:image:width\" content=\"1313\" \/>\n\t<meta property=\"og:image:height\" content=\"1644\" \/>\n\t<meta property=\"og:image:type\" content=\"image\/jpeg\" \/>\n<meta name=\"author\" content=\"Mari Minkkinen\" \/>\n<meta name=\"twitter:card\" content=\"summary_large_image\" \/>\n<meta name=\"twitter:label1\" content=\"Written by\" \/>\n\t<meta name=\"twitter:data1\" content=\"Mari Minkkinen\" \/>\n\t<meta name=\"twitter:label2\" content=\"Est. reading time\" \/>\n\t<meta name=\"twitter:data2\" content=\"2 minutes\" \/>\n<script type=\"application\/ld+json\" class=\"yoast-schema-graph\">{\"@context\":\"https:\/\/schema.org\",\"@graph\":[{\"@type\":\"Article\",\"@id\":\"https:\/\/himos.fi\/en\/himos-yhtiot-oylle-keski-suomen-maakunnallinen-yrittajapalkinto\/#article\",\"isPartOf\":{\"@id\":\"https:\/\/himos.fi\/en\/himos-yhtiot-oylle-keski-suomen-maakunnallinen-yrittajapalkinto\/\"},\"author\":{\"name\":\"Mari Minkkinen\",\"@id\":\"https:\/\/himos.fi\/en\/#\/schema\/person\/bcd80d385e43656978ae6c2668163c19\"},\"headline\":\"HIMOS-YHTI\u00d6T OY POKKASI KESKI-SUOMEN MAAKUNNALLISEN YRITT\u00c4J\u00c4PALKINNON\",\"datePublished\":\"2025-01-27T07:40:29+00:00\",\"dateModified\":\"2025-01-27T13:56:11+00:00\",\"mainEntityOfPage\":{\"@id\":\"https:\/\/himos.fi\/en\/himos-yhtiot-oylle-keski-suomen-maakunnallinen-yrittajapalkinto\/\"},\"wordCount\":326,\"publisher\":{\"@id\":\"https:\/\/himos.fi\/en\/#organization\"},\"articleSection\":[\"Ajankohtaiset\"],\"inLanguage\":\"en-US\"},{\"@type\":\"WebPage\",\"@id\":\"https:\/\/himos.fi\/en\/himos-yhtiot-oylle-keski-suomen-maakunnallinen-yrittajapalkinto\/\",\"url\":\"https:\/\/himos.fi\/en\/himos-yhtiot-oylle-keski-suomen-maakunnallinen-yrittajapalkinto\/\",\"name\":\"HIMOS-YHTI\u00d6T OY POKKASI KESKI-SUOMEN MAAKUNNALLISEN YRITT\u00c4J\u00c4PALKINNON - Himos.fi | Lumi-Suomen keskipiste!\",\"isPartOf\":{\"@id\":\"https:\/\/himos.fi\/en\/#website\"},\"datePublished\":\"2025-01-27T07:40:29+00:00\",\"dateModified\":\"2025-01-27T13:56:11+00:00\",\"breadcrumb\":{\"@id\":\"https:\/\/himos.fi\/en\/himos-yhtiot-oylle-keski-suomen-maakunnallinen-yrittajapalkinto\/#breadcrumb\"},\"inLanguage\":\"en-US\",\"potentialAction\":[{\"@type\":\"ReadAction\",\"target\":[\"https:\/\/himos.fi\/en\/himos-yhtiot-oylle-keski-suomen-maakunnallinen-yrittajapalkinto\/\"]}]},{\"@type\":\"BreadcrumbList\",\"@id\":\"https:\/\/himos.fi\/en\/himos-yhtiot-oylle-keski-suomen-maakunnallinen-yrittajapalkinto\/#breadcrumb\",\"itemListElement\":[{\"@type\":\"ListItem\",\"position\":1,\"name\":\"Home\",\"item\":\"https:\/\/himos.fi\/en\/\"},{\"@type\":\"ListItem\",\"position\":2,\"name\":\"HIMOS-YHTI\u00d6T OY POKKASI KESKI-SUOMEN MAAKUNNALLISEN YRITT\u00c4J\u00c4PALKINNON\"}]},{\"@type\":\"WebSite\",\"@id\":\"https:\/\/himos.fi\/en\/#website\",\"url\":\"https:\/\/himos.fi\/en\/\",\"name\":\"Himos.fi\",\"description\":\"Lumi-Suomen keskipiste!\",\"publisher\":{\"@id\":\"https:\/\/himos.fi\/en\/#organization\"},\"potentialAction\":[{\"@type\":\"SearchAction\",\"target\":{\"@type\":\"EntryPoint\",\"urlTemplate\":\"https:\/\/himos.fi\/en\/?s={search_term_string}\"},\"query-input\":\"required name=search_term_string\"}],\"inLanguage\":\"en-US\"},{\"@type\":\"Organization\",\"@id\":\"https:\/\/himos.fi\/en\/#organization\",\"name\":\"Himos-Yhti\u00f6t Oy\",\"url\":\"https:\/\/himos.fi\/en\/\",\"logo\":{\"@type\":\"ImageObject\",\"inLanguage\":\"en-US\",\"@id\":\"https:\/\/himos.fi\/en\/#\/schema\/logo\/image\/\",\"url\":\"https:\/\/himos.fi\/wp-content\/uploads\/2019\/09\/logo-meili.jpg\",\"contentUrl\":\"https:\/\/himos.fi\/wp-content\/uploads\/2019\/09\/logo-meili.jpg\",\"width\":273,\"height\":96,\"caption\":\"Himos-Yhti\u00f6t Oy\"},\"image\":{\"@id\":\"https:\/\/himos.fi\/en\/#\/schema\/logo\/image\/\"},\"sameAs\":[\"https:\/\/www.instagram.com\/himosskiresort\/\",\"https:\/\/www.youtube.com\/channel\/UCwqSxGN5HaqH3FvCl96ZBFw\",\"https:\/\/www.facebook.com\/himosskiresort\/\"]},{\"@type\":\"Person\",\"@id\":\"https:\/\/himos.fi\/en\/#\/schema\/person\/bcd80d385e43656978ae6c2668163c19\",\"name\":\"Mari Minkkinen\",\"image\":{\"@type\":\"ImageObject\",\"inLanguage\":\"en-US\",\"@id\":\"https:\/\/himos.fi\/en\/#\/schema\/person\/image\/\",\"url\":\"https:\/\/himos.fi\/wp-content\/litespeed\/avatar\/8bf4006aa082eb377cfb6c75327c92b5.jpg?ver=1777552516\",\"contentUrl\":\"https:\/\/himos.fi\/wp-content\/litespeed\/avatar\/8bf4006aa082eb377cfb6c75327c92b5.jpg?ver=1777552516\",\"caption\":\"Mari Minkkinen\"},\"url\":\"https:\/\/himos.fi\/en\/author\/mari-minkkinenhimos-fi\/\"}]}<\/script>\n<!-- \/ Yoast SEO plugin. -->","yoast_head_json":{"title":"HIMOS-YHTI\u00d6T OY POKKASI KESKI-SUOMEN MAAKUNNALLISEN YRITT\u00c4J\u00c4PALKINNON - Himos.fi | Lumi-Suomen keskipiste!","robots":{"index":"index","follow":"follow","max-snippet":"max-snippet:-1","max-image-preview":"max-image-preview:large","max-video-preview":"max-video-preview:-1"},"canonical":"https:\/\/himos.fi\/en\/himos-yhtiot-oylle-keski-suomen-maakunnallinen-yrittajapalkinto\/","og_locale":"en_US","og_type":"article","og_title":"HIMOS-YHTI\u00d6T OY POKKASI KESKI-SUOMEN MAAKUNNALLISEN YRITT\u00c4J\u00c4PALKINNON - Himos.fi | Lumi-Suomen keskipiste!","og_description":"Himos-Yhti\u00f6t Oy:lle on my\u00f6nnetty Keski-Suomen maakunnallinen yritt\u00e4j\u00e4palkinto 2024. Palkinto luovutettiin Keski-Suomen Yritt\u00e4j\u00e4juhlassa Jyv\u00e4skyl\u00e4n Paviljongissa lauantaina 25. tammikuuta 2025. Palkintoraadin mukaan Himos-Yhti\u00f6t on kasvanut merkitt\u00e4v\u00e4ksi matkailualan toimijaksi Suomessa. Yhti\u00f6n panostukset matkailuun ovat vahvistaneet Keski-Suomen aluetaloutta ja matkailun vetovoimaa. Himos-Yhti\u00f6iden toiminta ty\u00f6llist\u00e4\u00e4 suoraan ja v\u00e4lillisesti lukuisia paikallisia yritt\u00e4ji\u00e4 ja ty\u00f6ntekij\u00f6it\u00e4 matkailun, ravintola-alan sek\u00e4 palveluiden parissa. Perusteluissa todetaan [&hellip;]","og_url":"https:\/\/himos.fi\/en\/himos-yhtiot-oylle-keski-suomen-maakunnallinen-yrittajapalkinto\/","og_site_name":"Himos.fi","article_publisher":"https:\/\/www.facebook.com\/himosskiresort\/","article_published_time":"2025-01-27T07:40:29+00:00","article_modified_time":"2025-01-27T13:56:11+00:00","og_image":[{"width":1313,"height":1644,"url":"https:\/\/himos.fi\/wp-content\/uploads\/2025\/01\/KSY.jpg","type":"image\/jpeg"}],"author":"Mari Minkkinen","twitter_card":"summary_large_image","twitter_misc":{"Written by":"Mari Minkkinen","Est. reading time":"2 minutes"},"schema":{"@context":"https:\/\/schema.org","@graph":[{"@type":"Article","@id":"https:\/\/himos.fi\/en\/himos-yhtiot-oylle-keski-suomen-maakunnallinen-yrittajapalkinto\/#article","isPartOf":{"@id":"https:\/\/himos.fi\/en\/himos-yhtiot-oylle-keski-suomen-maakunnallinen-yrittajapalkinto\/"},"author":{"name":"Mari Minkkinen","@id":"https:\/\/himos.fi\/en\/#\/schema\/person\/bcd80d385e43656978ae6c2668163c19"},"headline":"HIMOS-YHTI\u00d6T OY POKKASI KESKI-SUOMEN MAAKUNNALLISEN YRITT\u00c4J\u00c4PALKINNON","datePublished":"2025-01-27T07:40:29+00:00","dateModified":"2025-01-27T13:56:11+00:00","mainEntityOfPage":{"@id":"https:\/\/himos.fi\/en\/himos-yhtiot-oylle-keski-suomen-maakunnallinen-yrittajapalkinto\/"},"wordCount":326,"publisher":{"@id":"https:\/\/himos.fi\/en\/#organization"},"articleSection":["Ajankohtaiset"],"inLanguage":"en-US"},{"@type":"WebPage","@id":"https:\/\/himos.fi\/en\/himos-yhtiot-oylle-keski-suomen-maakunnallinen-yrittajapalkinto\/","url":"https:\/\/himos.fi\/en\/himos-yhtiot-oylle-keski-suomen-maakunnallinen-yrittajapalkinto\/","name":"HIMOS-YHTI\u00d6T OY POKKASI KESKI-SUOMEN MAAKUNNALLISEN YRITT\u00c4J\u00c4PALKINNON - Himos.fi | Lumi-Suomen keskipiste!","isPartOf":{"@id":"https:\/\/himos.fi\/en\/#website"},"datePublished":"2025-01-27T07:40:29+00:00","dateModified":"2025-01-27T13:56:11+00:00","breadcrumb":{"@id":"https:\/\/himos.fi\/en\/himos-yhtiot-oylle-keski-suomen-maakunnallinen-yrittajapalkinto\/#breadcrumb"},"inLanguage":"en-US","potentialAction":[{"@type":"ReadAction","target":["https:\/\/himos.fi\/en\/himos-yhtiot-oylle-keski-suomen-maakunnallinen-yrittajapalkinto\/"]}]},{"@type":"BreadcrumbList","@id":"https:\/\/himos.fi\/en\/himos-yhtiot-oylle-keski-suomen-maakunnallinen-yrittajapalkinto\/#breadcrumb","itemListElement":[{"@type":"ListItem","position":1,"name":"Home","item":"https:\/\/himos.fi\/en\/"},{"@type":"ListItem","position":2,"name":"HIMOS-YHTI\u00d6T OY POKKASI KESKI-SUOMEN MAAKUNNALLISEN YRITT\u00c4J\u00c4PALKINNON"}]},{"@type":"WebSite","@id":"https:\/\/himos.fi\/en\/#website","url":"https:\/\/himos.fi\/en\/","name":"Himos.fi","description":"Lumi-Suomen keskipiste!","publisher":{"@id":"https:\/\/himos.fi\/en\/#organization"},"potentialAction":[{"@type":"SearchAction","target":{"@type":"EntryPoint","urlTemplate":"https:\/\/himos.fi\/en\/?s={search_term_string}"},"query-input":"required name=search_term_string"}],"inLanguage":"en-US"},{"@type":"Organization","@id":"https:\/\/himos.fi\/en\/#organization","name":"Himos-Yhti\u00f6t Oy","url":"https:\/\/himos.fi\/en\/","logo":{"@type":"ImageObject","inLanguage":"en-US","@id":"https:\/\/himos.fi\/en\/#\/schema\/logo\/image\/","url":"https:\/\/himos.fi\/wp-content\/uploads\/2019\/09\/logo-meili.jpg","contentUrl":"https:\/\/himos.fi\/wp-content\/uploads\/2019\/09\/logo-meili.jpg","width":273,"height":96,"caption":"Himos-Yhti\u00f6t Oy"},"image":{"@id":"https:\/\/himos.fi\/en\/#\/schema\/logo\/image\/"},"sameAs":["https:\/\/www.instagram.com\/himosskiresort\/","https:\/\/www.youtube.com\/channel\/UCwqSxGN5HaqH3FvCl96ZBFw","https:\/\/www.facebook.com\/himosskiresort\/"]},{"@type":"Person","@id":"https:\/\/himos.fi\/en\/#\/schema\/person\/bcd80d385e43656978ae6c2668163c19","name":"Mari Minkkinen","image":{"@type":"ImageObject","inLanguage":"en-US","@id":"https:\/\/himos.fi\/en\/#\/schema\/person\/image\/","url":"https:\/\/himos.fi\/wp-content\/litespeed\/avatar\/8bf4006aa082eb377cfb6c75327c92b5.jpg?ver=1777552516","contentUrl":"https:\/\/himos.fi\/wp-content\/litespeed\/avatar\/8bf4006aa082eb377cfb6c75327c92b5.jpg?ver=1777552516","caption":"Mari Minkkinen"},"url":"https:\/\/himos.fi\/en\/author\/mari-minkkinenhimos-fi\/"}]}},"_links":{"self":[{"href":"https:\/\/himos.fi\/en\/wp-json\/wp\/v2\/posts\/25818"}],"collection":[{"href":"https:\/\/himos.fi\/en\/wp-json\/wp\/v2\/posts"}],"about":[{"href":"https:\/\/himos.fi\/en\/wp-json\/wp\/v2\/types\/post"}],"author":[{"embeddable":true,"href":"https:\/\/himos.fi\/en\/wp-json\/wp\/v2\/users\/9"}],"replies":[{"embeddable":true,"href":"https:\/\/himos.fi\/en\/wp-json\/wp\/v2\/comments?post=25818"}],"version-history":[{"count":4,"href":"https:\/\/himos.fi\/en\/wp-json\/wp\/v2\/posts\/25818\/revisions"}],"predecessor-version":[{"id":25832,"href":"https:\/\/himos.fi\/en\/wp-json\/wp\/v2\/posts\/25818\/revisions\/25832"}],"wp:featuredmedia":[{"embeddable":true,"href":"https:\/\/himos.fi\/en\/wp-json\/wp\/v2\/media\/25819"}],"wp:attachment":[{"href":"https:\/\/himos.fi\/en\/wp-json\/wp\/v2\/media?parent=25818"}],"wp:term":[{"taxonomy":"category","embeddable":true,"href":"https:\/\/himos.fi\/en\/wp-json\/wp\/v2\/categories?post=25818"}],"curies":[{"name":"wp","href":"https:\/\/api.w.org\/{rel}","templated":true}]}}