{"id":27222,"date":"2025-04-23T10:40:54","date_gmt":"2025-04-23T07:40:54","guid":{"rendered":"https:\/\/himos.fi\/?p=27222"},"modified":"2025-04-25T13:22:41","modified_gmt":"2025-04-25T10:22:41","slug":"himos-leitner-26-27-4","status":"publish","type":"post","link":"https:\/\/himos.fi\/en\/himos-leitner-26-27-4\/","title":{"rendered":"HIMOS LEITNER 26.-27.4."},"content":{"rendered":"\n<p>Tervetuloa mukaan kauden perinteiseen p\u00e4\u00e4t\u00f6skisaan Himos Leitneriin! T\u00e4n\u00e4 vuonna on my\u00f6s erityist\u00e4 aihetta juhlaan, sill\u00e4 vuorossa on j\u00e4rjestyksess\u00e4\u00e4n 40. Himos Leitner -kisa!<\/p>\n\n\n\n<p>Kilpailu lasketaan perinteist\u00e4 poiketen Tuolihissirinteess\u00e4. Sarjat miehet \/ naiset 8,10,12,14,16,18. <br>Lauantaina kisataan my\u00f6s soveltavassa alppihiidossa.<\/p>\n\n\n\n<p>Molempina p\u00e4ivin\u00e4 kilpailut alkavat klo 8:30 ja palkintojenjako tapahtuu maalialueella kilpailujen p\u00e4\u00e4tytty\u00e4.<\/p>\n\n\n\n<p>Katsojat ovat tervetulleita paikan p\u00e4\u00e4lle kannustamaan! Hyvi\u00e4 katsomopaikkoja on aivan maalintulon alapuolella Caf\u00e9n terassilla.<\/p>\n\n\n\n<p>Turistirinne on avoinna laskettelijoille sek\u00e4 lauantaina ett\u00e4 sunnuntaina, ja p\u00e4iv\u00e4lippuja on saatavilla lipunmyynnist\u00e4 erikoishintaan 20 \u20ac\/p\u00e4iv\u00e4 omalle Axess-sirukortille ladattuna. <\/p>\n\n\n\n<p>Cafen terassilla on lauantaina kisan j\u00e4lkeen tarjolla j\u00e4lkipelej\u00e4 ja letke\u00e4\u00e4 menoa <a href=\"https:\/\/himosravintolat.fi\/rinneravintolat\/#cafe\" target=\"_blank\" rel=\"noreferrer noopener\">DJ Aleksanteri K<\/a>:n tahtiin klo 15-18.<br><br>Tervetuloa!<\/p>\n\n\n\n<p>Artikkeli julkaistu 23.4.2025<\/p>\n\n\n\n<p><\/p>\n","protected":false},"excerpt":{"rendered":"<p>Tervetuloa mukaan kauden perinteiseen p\u00e4\u00e4t\u00f6skisaan Himos Leitneriin! T\u00e4n\u00e4 vuonna on my\u00f6s erityist\u00e4 aihetta juhlaan, sill\u00e4 vuorossa on j\u00e4rjestyksess\u00e4\u00e4n 40. Himos Leitner -kisa! Kilpailu lasketaan perinteist\u00e4 poiketen Tuolihissirinteess\u00e4. Sarjat miehet \/ naiset 8,10,12,14,16,18. Lauantaina kisataan my\u00f6s soveltavassa alppihiidossa. Molempina p\u00e4ivin\u00e4 kilpailut alkavat klo 8:30 ja palkintojenjako tapahtuu maalialueella kilpailujen p\u00e4\u00e4tytty\u00e4. Katsojat ovat tervetulleita paikan p\u00e4\u00e4lle kannustamaan! [&hellip;]<\/p>\n","protected":false},"author":9,"featured_media":27229,"comment_status":"closed","ping_status":"open","sticky":false,"template":"","format":"standard","meta":[],"categories":[39],"acf":[],"featured_image_src":"https:\/\/himos.fi\/wp-content\/uploads\/2025\/04\/1CH3130-scaled.jpg","author_info":{"display_name":"Mari Minkkinen","author_link":"https:\/\/himos.fi\/en\/author\/mari-minkkinenhimos-fi\/"},"yoast_head":"<!-- This site is optimized with the Yoast SEO plugin v19.11 - https:\/\/yoast.com\/wordpress\/plugins\/seo\/ -->\n<title>HIMOS LEITNER 26.-27.4. - Himos.fi<\/title>\n<meta name=\"description\" content=\"Tervetuloa mukaan kauden perinteiseen p\u00e4\u00e4t\u00f6skisaan Himos Leitneriin! T\u00e4n\u00e4 vuonna on my\u00f6s erityist\u00e4 aihetta juhlaan, sill\u00e4 vuorossa on j\u00e4rjestyksess\u00e4\u00e4n 40. Himos Leitner -kisa!\" \/>\n<meta name=\"robots\" content=\"index, follow, max-snippet:-1, max-image-preview:large, max-video-preview:-1\" \/>\n<link rel=\"canonical\" href=\"https:\/\/himos.fi\/en\/himos-leitner-26-27-4\/\" \/>\n<meta property=\"og:locale\" content=\"en_US\" \/>\n<meta property=\"og:type\" content=\"article\" \/>\n<meta property=\"og:title\" content=\"HIMOS LEITNER 26.-27.4. - Himos.fi\" \/>\n<meta property=\"og:description\" content=\"Tervetuloa mukaan kauden perinteiseen p\u00e4\u00e4t\u00f6skisaan Himos Leitneriin! T\u00e4n\u00e4 vuonna on my\u00f6s erityist\u00e4 aihetta juhlaan, sill\u00e4 vuorossa on j\u00e4rjestyksess\u00e4\u00e4n 40. Himos Leitner -kisa!\" \/>\n<meta property=\"og:url\" content=\"https:\/\/himos.fi\/en\/himos-leitner-26-27-4\/\" \/>\n<meta property=\"og:site_name\" content=\"Himos.fi\" \/>\n<meta property=\"article:publisher\" content=\"https:\/\/www.facebook.com\/himosskiresort\/\" \/>\n<meta property=\"article:published_time\" content=\"2025-04-23T07:40:54+00:00\" \/>\n<meta property=\"article:modified_time\" content=\"2025-04-25T10:22:41+00:00\" \/>\n<meta property=\"og:image\" content=\"https:\/\/himos.fi\/wp-content\/uploads\/2025\/04\/1CH3130-scaled.jpg\" \/>\n\t<meta property=\"og:image:width\" content=\"2560\" \/>\n\t<meta property=\"og:image:height\" content=\"1707\" \/>\n\t<meta property=\"og:image:type\" content=\"image\/jpeg\" \/>\n<meta name=\"author\" content=\"Mari Minkkinen\" \/>\n<meta name=\"twitter:card\" content=\"summary_large_image\" \/>\n<meta name=\"twitter:label1\" content=\"Written by\" \/>\n\t<meta name=\"twitter:data1\" content=\"Mari Minkkinen\" \/>\n\t<meta name=\"twitter:label2\" content=\"Est. reading time\" \/>\n\t<meta name=\"twitter:data2\" content=\"1 minute\" \/>\n<script type=\"application\/ld+json\" class=\"yoast-schema-graph\">{\"@context\":\"https:\/\/schema.org\",\"@graph\":[{\"@type\":\"Article\",\"@id\":\"https:\/\/himos.fi\/en\/himos-leitner-26-27-4\/#article\",\"isPartOf\":{\"@id\":\"https:\/\/himos.fi\/en\/himos-leitner-26-27-4\/\"},\"author\":{\"name\":\"Mari Minkkinen\",\"@id\":\"https:\/\/himos.fi\/en\/#\/schema\/person\/bcd80d385e43656978ae6c2668163c19\"},\"headline\":\"HIMOS LEITNER 26.-27.4.\",\"datePublished\":\"2025-04-23T07:40:54+00:00\",\"dateModified\":\"2025-04-25T10:22:41+00:00\",\"mainEntityOfPage\":{\"@id\":\"https:\/\/himos.fi\/en\/himos-leitner-26-27-4\/\"},\"wordCount\":117,\"publisher\":{\"@id\":\"https:\/\/himos.fi\/en\/#organization\"},\"articleSection\":[\"Ajankohtaiset\"],\"inLanguage\":\"en-US\"},{\"@type\":\"WebPage\",\"@id\":\"https:\/\/himos.fi\/en\/himos-leitner-26-27-4\/\",\"url\":\"https:\/\/himos.fi\/en\/himos-leitner-26-27-4\/\",\"name\":\"HIMOS LEITNER 26.-27.4. - Himos.fi\",\"isPartOf\":{\"@id\":\"https:\/\/himos.fi\/en\/#website\"},\"datePublished\":\"2025-04-23T07:40:54+00:00\",\"dateModified\":\"2025-04-25T10:22:41+00:00\",\"description\":\"Tervetuloa mukaan kauden perinteiseen p\u00e4\u00e4t\u00f6skisaan Himos Leitneriin! T\u00e4n\u00e4 vuonna on my\u00f6s erityist\u00e4 aihetta juhlaan, sill\u00e4 vuorossa on j\u00e4rjestyksess\u00e4\u00e4n 40. Himos Leitner -kisa!\",\"breadcrumb\":{\"@id\":\"https:\/\/himos.fi\/en\/himos-leitner-26-27-4\/#breadcrumb\"},\"inLanguage\":\"en-US\",\"potentialAction\":[{\"@type\":\"ReadAction\",\"target\":[\"https:\/\/himos.fi\/en\/himos-leitner-26-27-4\/\"]}]},{\"@type\":\"BreadcrumbList\",\"@id\":\"https:\/\/himos.fi\/en\/himos-leitner-26-27-4\/#breadcrumb\",\"itemListElement\":[{\"@type\":\"ListItem\",\"position\":1,\"name\":\"Home\",\"item\":\"https:\/\/himos.fi\/en\/\"},{\"@type\":\"ListItem\",\"position\":2,\"name\":\"HIMOS LEITNER 26.-27.4.\"}]},{\"@type\":\"WebSite\",\"@id\":\"https:\/\/himos.fi\/en\/#website\",\"url\":\"https:\/\/himos.fi\/en\/\",\"name\":\"Himos.fi\",\"description\":\"Lumi-Suomen keskipiste!\",\"publisher\":{\"@id\":\"https:\/\/himos.fi\/en\/#organization\"},\"potentialAction\":[{\"@type\":\"SearchAction\",\"target\":{\"@type\":\"EntryPoint\",\"urlTemplate\":\"https:\/\/himos.fi\/en\/?s={search_term_string}\"},\"query-input\":\"required name=search_term_string\"}],\"inLanguage\":\"en-US\"},{\"@type\":\"Organization\",\"@id\":\"https:\/\/himos.fi\/en\/#organization\",\"name\":\"Himos-Yhti\u00f6t Oy\",\"url\":\"https:\/\/himos.fi\/en\/\",\"logo\":{\"@type\":\"ImageObject\",\"inLanguage\":\"en-US\",\"@id\":\"https:\/\/himos.fi\/en\/#\/schema\/logo\/image\/\",\"url\":\"https:\/\/himos.fi\/wp-content\/uploads\/2019\/09\/logo-meili.jpg\",\"contentUrl\":\"https:\/\/himos.fi\/wp-content\/uploads\/2019\/09\/logo-meili.jpg\",\"width\":273,\"height\":96,\"caption\":\"Himos-Yhti\u00f6t Oy\"},\"image\":{\"@id\":\"https:\/\/himos.fi\/en\/#\/schema\/logo\/image\/\"},\"sameAs\":[\"https:\/\/www.instagram.com\/himosskiresort\/\",\"https:\/\/www.youtube.com\/channel\/UCwqSxGN5HaqH3FvCl96ZBFw\",\"https:\/\/www.facebook.com\/himosskiresort\/\"]},{\"@type\":\"Person\",\"@id\":\"https:\/\/himos.fi\/en\/#\/schema\/person\/bcd80d385e43656978ae6c2668163c19\",\"name\":\"Mari Minkkinen\",\"image\":{\"@type\":\"ImageObject\",\"inLanguage\":\"en-US\",\"@id\":\"https:\/\/himos.fi\/en\/#\/schema\/person\/image\/\",\"url\":\"https:\/\/himos.fi\/wp-content\/litespeed\/avatar\/8bf4006aa082eb377cfb6c75327c92b5.jpg?ver=1776947701\",\"contentUrl\":\"https:\/\/himos.fi\/wp-content\/litespeed\/avatar\/8bf4006aa082eb377cfb6c75327c92b5.jpg?ver=1776947701\",\"caption\":\"Mari Minkkinen\"},\"url\":\"https:\/\/himos.fi\/en\/author\/mari-minkkinenhimos-fi\/\"}]}<\/script>\n<!-- \/ Yoast SEO plugin. -->","yoast_head_json":{"title":"HIMOS LEITNER 26.-27.4. - Himos.fi","description":"Tervetuloa mukaan kauden perinteiseen p\u00e4\u00e4t\u00f6skisaan Himos Leitneriin! T\u00e4n\u00e4 vuonna on my\u00f6s erityist\u00e4 aihetta juhlaan, sill\u00e4 vuorossa on j\u00e4rjestyksess\u00e4\u00e4n 40. Himos Leitner -kisa!","robots":{"index":"index","follow":"follow","max-snippet":"max-snippet:-1","max-image-preview":"max-image-preview:large","max-video-preview":"max-video-preview:-1"},"canonical":"https:\/\/himos.fi\/en\/himos-leitner-26-27-4\/","og_locale":"en_US","og_type":"article","og_title":"HIMOS LEITNER 26.-27.4. - Himos.fi","og_description":"Tervetuloa mukaan kauden perinteiseen p\u00e4\u00e4t\u00f6skisaan Himos Leitneriin! T\u00e4n\u00e4 vuonna on my\u00f6s erityist\u00e4 aihetta juhlaan, sill\u00e4 vuorossa on j\u00e4rjestyksess\u00e4\u00e4n 40. Himos Leitner -kisa!","og_url":"https:\/\/himos.fi\/en\/himos-leitner-26-27-4\/","og_site_name":"Himos.fi","article_publisher":"https:\/\/www.facebook.com\/himosskiresort\/","article_published_time":"2025-04-23T07:40:54+00:00","article_modified_time":"2025-04-25T10:22:41+00:00","og_image":[{"width":2560,"height":1707,"url":"https:\/\/himos.fi\/wp-content\/uploads\/2025\/04\/1CH3130-scaled.jpg","type":"image\/jpeg"}],"author":"Mari Minkkinen","twitter_card":"summary_large_image","twitter_misc":{"Written by":"Mari Minkkinen","Est. reading time":"1 minute"},"schema":{"@context":"https:\/\/schema.org","@graph":[{"@type":"Article","@id":"https:\/\/himos.fi\/en\/himos-leitner-26-27-4\/#article","isPartOf":{"@id":"https:\/\/himos.fi\/en\/himos-leitner-26-27-4\/"},"author":{"name":"Mari Minkkinen","@id":"https:\/\/himos.fi\/en\/#\/schema\/person\/bcd80d385e43656978ae6c2668163c19"},"headline":"HIMOS LEITNER 26.-27.4.","datePublished":"2025-04-23T07:40:54+00:00","dateModified":"2025-04-25T10:22:41+00:00","mainEntityOfPage":{"@id":"https:\/\/himos.fi\/en\/himos-leitner-26-27-4\/"},"wordCount":117,"publisher":{"@id":"https:\/\/himos.fi\/en\/#organization"},"articleSection":["Ajankohtaiset"],"inLanguage":"en-US"},{"@type":"WebPage","@id":"https:\/\/himos.fi\/en\/himos-leitner-26-27-4\/","url":"https:\/\/himos.fi\/en\/himos-leitner-26-27-4\/","name":"HIMOS LEITNER 26.-27.4. - Himos.fi","isPartOf":{"@id":"https:\/\/himos.fi\/en\/#website"},"datePublished":"2025-04-23T07:40:54+00:00","dateModified":"2025-04-25T10:22:41+00:00","description":"Tervetuloa mukaan kauden perinteiseen p\u00e4\u00e4t\u00f6skisaan Himos Leitneriin! T\u00e4n\u00e4 vuonna on my\u00f6s erityist\u00e4 aihetta juhlaan, sill\u00e4 vuorossa on j\u00e4rjestyksess\u00e4\u00e4n 40. Himos Leitner -kisa!","breadcrumb":{"@id":"https:\/\/himos.fi\/en\/himos-leitner-26-27-4\/#breadcrumb"},"inLanguage":"en-US","potentialAction":[{"@type":"ReadAction","target":["https:\/\/himos.fi\/en\/himos-leitner-26-27-4\/"]}]},{"@type":"BreadcrumbList","@id":"https:\/\/himos.fi\/en\/himos-leitner-26-27-4\/#breadcrumb","itemListElement":[{"@type":"ListItem","position":1,"name":"Home","item":"https:\/\/himos.fi\/en\/"},{"@type":"ListItem","position":2,"name":"HIMOS LEITNER 26.-27.4."}]},{"@type":"WebSite","@id":"https:\/\/himos.fi\/en\/#website","url":"https:\/\/himos.fi\/en\/","name":"Himos.fi","description":"Lumi-Suomen keskipiste!","publisher":{"@id":"https:\/\/himos.fi\/en\/#organization"},"potentialAction":[{"@type":"SearchAction","target":{"@type":"EntryPoint","urlTemplate":"https:\/\/himos.fi\/en\/?s={search_term_string}"},"query-input":"required name=search_term_string"}],"inLanguage":"en-US"},{"@type":"Organization","@id":"https:\/\/himos.fi\/en\/#organization","name":"Himos-Yhti\u00f6t Oy","url":"https:\/\/himos.fi\/en\/","logo":{"@type":"ImageObject","inLanguage":"en-US","@id":"https:\/\/himos.fi\/en\/#\/schema\/logo\/image\/","url":"https:\/\/himos.fi\/wp-content\/uploads\/2019\/09\/logo-meili.jpg","contentUrl":"https:\/\/himos.fi\/wp-content\/uploads\/2019\/09\/logo-meili.jpg","width":273,"height":96,"caption":"Himos-Yhti\u00f6t Oy"},"image":{"@id":"https:\/\/himos.fi\/en\/#\/schema\/logo\/image\/"},"sameAs":["https:\/\/www.instagram.com\/himosskiresort\/","https:\/\/www.youtube.com\/channel\/UCwqSxGN5HaqH3FvCl96ZBFw","https:\/\/www.facebook.com\/himosskiresort\/"]},{"@type":"Person","@id":"https:\/\/himos.fi\/en\/#\/schema\/person\/bcd80d385e43656978ae6c2668163c19","name":"Mari Minkkinen","image":{"@type":"ImageObject","inLanguage":"en-US","@id":"https:\/\/himos.fi\/en\/#\/schema\/person\/image\/","url":"https:\/\/himos.fi\/wp-content\/litespeed\/avatar\/8bf4006aa082eb377cfb6c75327c92b5.jpg?ver=1776947701","contentUrl":"https:\/\/himos.fi\/wp-content\/litespeed\/avatar\/8bf4006aa082eb377cfb6c75327c92b5.jpg?ver=1776947701","caption":"Mari Minkkinen"},"url":"https:\/\/himos.fi\/en\/author\/mari-minkkinenhimos-fi\/"}]}},"_links":{"self":[{"href":"https:\/\/himos.fi\/en\/wp-json\/wp\/v2\/posts\/27222"}],"collection":[{"href":"https:\/\/himos.fi\/en\/wp-json\/wp\/v2\/posts"}],"about":[{"href":"https:\/\/himos.fi\/en\/wp-json\/wp\/v2\/types\/post"}],"author":[{"embeddable":true,"href":"https:\/\/himos.fi\/en\/wp-json\/wp\/v2\/users\/9"}],"replies":[{"embeddable":true,"href":"https:\/\/himos.fi\/en\/wp-json\/wp\/v2\/comments?post=27222"}],"version-history":[{"count":3,"href":"https:\/\/himos.fi\/en\/wp-json\/wp\/v2\/posts\/27222\/revisions"}],"predecessor-version":[{"id":27269,"href":"https:\/\/himos.fi\/en\/wp-json\/wp\/v2\/posts\/27222\/revisions\/27269"}],"wp:featuredmedia":[{"embeddable":true,"href":"https:\/\/himos.fi\/en\/wp-json\/wp\/v2\/media\/27229"}],"wp:attachment":[{"href":"https:\/\/himos.fi\/en\/wp-json\/wp\/v2\/media?parent=27222"}],"wp:term":[{"taxonomy":"category","embeddable":true,"href":"https:\/\/himos.fi\/en\/wp-json\/wp\/v2\/categories?post=27222"}],"curies":[{"name":"wp","href":"https:\/\/api.w.org\/{rel}","templated":true}]}}