{"id":27315,"date":"2025-04-30T15:59:11","date_gmt":"2025-04-30T12:59:11","guid":{"rendered":"https:\/\/himos.fi\/?p=27315"},"modified":"2025-05-05T13:20:58","modified_gmt":"2025-05-05T10:20:58","slug":"himoksen-hiihtokoululle-vuoden-2025-hiihtokoulu-palkinto","status":"publish","type":"post","link":"https:\/\/himos.fi\/en\/himoksen-hiihtokoululle-vuoden-2025-hiihtokoulu-palkinto\/","title":{"rendered":"HIMOKSEN HIIHTOKOULULLE VUODEN 2025 HIIHTOKOULU -PALKINTO"},"content":{"rendered":"\n<p>Himoksen hiihtokoulu palkittiin 29.4.2025 Suomen Hiihtokeskusyhdistys ry:n vuosikokouksessa Yll\u00e4ksell\u00e4 Vuoden 2025 hiihtokouluna. Vuoden 2025 hiihtokeskukseksi valittiin Saariselk\u00e4 ja l\u00e4hikeskukseksi Vihti Ski.<\/p>\n\n\n\n<p>Palkittavat valitsi Travel\/Visit Finlandin Kristiina Hietasaaren johtama raati, johon kuului matkailun, median ja eri lajiliittojen edustajia. Raadin merkitt\u00e4v\u00e4n\u00e4 apuna oli kuluttajille&nbsp;<a href=\"https:\/\/www.ski.fi\/\">Ski.fi-sivuilla<\/a>&nbsp;tehdyn kyselyn tulokset. Kyselyyn osallistui noin 2 500 kuluttajaa.<\/p>\n\n\n\n<p>Valintaansa raati perusteli muun muassa sill\u00e4, ett\u00e4 hiihtokouluon kehitt\u00e4nyt toimintaansa selkeill\u00e4 ja konkreettisilla toimenpiteill\u00e4. N\u00e4ill\u00e4 on edistetty niin toimialaa kuin hiihtokoulun omaa toimintaa ja mik\u00e4 t\u00e4rkeint\u00e4 \u2013 palveltu asiakkaita. Hiihtokoulu otti omakseen kaudella 24\/25 lanseeratun toimialan yhteisen Laskukaverit-konseptin ja k\u00e4vi innostamassa kaikki J\u00e4ms\u00e4n ala-asteiden ykk\u00f6s- ja kakkosluokkalaiset lasketteluun ja lumilautailuun.<\/p>\n\n\n\n<p>Hiihtokoulu k\u00e4ynnisti kauden aikana my\u00f6s yhteisty\u00f6n J\u00e4ms\u00e4n lukion kanssa. Lukiolaisten oli mahdollista valita valinnaisena opintona rinneharjoittelijakurssi, jonka j\u00e4lkeen opiskelijoilla oli mahdollisuus hakeutua hiihtokouluun apuopettajiksi. T\u00e4ll\u00e4 on osaltaan haluttu varmistaa, ett\u00e4 toimialalle saadaan tulevaisuudessakin lis\u00e4\u00e4 osaajia ja innokkaita nuoria. Hiihtokoulussa on my\u00f6s hyv\u00e4 ty\u00f6ilmapiiri ja yhteishenki.<\/p>\n\n\n\n<p>-Teimme pari vuotta sitten strategisen p\u00e4\u00e4t\u00f6ksen l\u00e4hte\u00e4 kehitt\u00e4m\u00e4\u00e4n hiihtokoulutoimintaa yhdess\u00e4 Hiihtokoulu Himosetin kanssa ja on todella hienoa n\u00e4hd\u00e4, ett\u00e4 ty\u00f6 on tuottanut tulosta. L\u00f6ysimme hiihtokoulutoimintaan ymp\u00e4rivuotisen johtajan Himosetin tutusta opettajakunnasta, joten p\u00e4\u00e4simme nopeasti kiinni toiminnan monipuoliseen kehitt\u00e4miseen, Himos-Yhti\u00f6t Oy:n toimitusjohtaja Elsi Ojala iloitsee.<\/p>\n\n\n\n<p>Hiihtokoulu Himoset Oy on perustettu vuonna 1990 ja siin\u00e4 ty\u00f6skentelee sivutoimisesti noin 40 hiihdonopettajaa. Hiihdonopettajia kouluttavat sek\u00e4 Suomen Alppihiihdonopettajat ry ett\u00e4 Suomen Hiihtokeskusyhdistys ry. Hiihdonopetusta on Himoksella tarjolla sek\u00e4 alkeis- ett\u00e4 jatkotasolla niin alppihiihdossa, lumilautailussa, murtomaa- kuin telemarkhiihdossakin. Kauden 24\/25 aikana hiihtokoulun kursseilla k\u00e4vi noin 1600 oppilasta.<\/p>\n\n\n\n<p>-Ymp\u00e4rivuotinen keskittyminen hiihtokoulutoimintaan on tuonut mukaan paljon uusia mahdollisuuksia ja resursseja sek\u00e4 tuotteiden ett\u00e4 osaamisen kehitt\u00e4miseen. Toiminnan kehittymisen my\u00f6t\u00e4 paranee my\u00f6s tekemisen meininki ja ty\u00f6ilmapiiri. Kiitokset t\u00e4st\u00e4 hienosta tunnustuksesta kuuluvat niin meid\u00e4n upeille opettajille kuin koko hiihtokeskuksen henkil\u00f6kunnalle hyv\u00e4st\u00e4 yhteisty\u00f6st\u00e4 ja erinomaisista puitteista, summaa hiihtokoulun johtaja Minna Stenberg. &nbsp;<\/p>\n\n\n\n<p>Artikkeli julkaistu 30.4.2025<\/p>\n","protected":false},"excerpt":{"rendered":"<p>Himoksen hiihtokoulu palkittiin 29.4.2025 Suomen Hiihtokeskusyhdistys ry:n vuosikokouksessa Yll\u00e4ksell\u00e4 Vuoden 2025 hiihtokouluna. Vuoden 2025 hiihtokeskukseksi valittiin Saariselk\u00e4 ja l\u00e4hikeskukseksi Vihti Ski. Palkittavat valitsi Travel\/Visit Finlandin Kristiina Hietasaaren johtama raati, johon kuului matkailun, median ja eri lajiliittojen edustajia. Raadin merkitt\u00e4v\u00e4n\u00e4 apuna oli kuluttajille&nbsp;Ski.fi-sivuilla&nbsp;tehdyn kyselyn tulokset. Kyselyyn osallistui noin 2 500 kuluttajaa. Valintaansa raati perusteli muun muassa [&hellip;]<\/p>\n","protected":false},"author":9,"featured_media":27316,"comment_status":"closed","ping_status":"open","sticky":false,"template":"","format":"standard","meta":[],"categories":[39],"acf":[],"featured_image_src":"https:\/\/himos.fi\/wp-content\/uploads\/2025\/04\/2CH2244-scaled.jpg","author_info":{"display_name":"Mari Minkkinen","author_link":"https:\/\/himos.fi\/en\/author\/mari-minkkinenhimos-fi\/"},"yoast_head":"<!-- This site is optimized with the Yoast SEO plugin v19.11 - https:\/\/yoast.com\/wordpress\/plugins\/seo\/ -->\n<title>HIMOKSEN HIIHTOKOULULLE VUODEN 2025 HIIHTOKOULU -PALKINTO - Himos.fi | Lumi-Suomen keskipiste!<\/title>\n<meta name=\"description\" content=\"Himoksen hiihtokoulu palkittiin 29.4.2025 Suomen Hiihtokeskusyhdistys ry:n vuosikokouksessa Yll\u00e4ksell\u00e4 Vuoden 2025 hiihtokouluna.\" \/>\n<meta name=\"robots\" content=\"index, follow, max-snippet:-1, max-image-preview:large, max-video-preview:-1\" \/>\n<link rel=\"canonical\" href=\"https:\/\/himos.fi\/en\/himoksen-hiihtokoululle-vuoden-2025-hiihtokoulu-palkinto\/\" \/>\n<meta property=\"og:locale\" content=\"en_US\" \/>\n<meta property=\"og:type\" content=\"article\" \/>\n<meta property=\"og:title\" content=\"HIMOKSEN HIIHTOKOULULLE VUODEN 2025 HIIHTOKOULU -PALKINTO - Himos.fi | Lumi-Suomen keskipiste!\" \/>\n<meta property=\"og:description\" content=\"Himoksen hiihtokoulu palkittiin 29.4.2025 Suomen Hiihtokeskusyhdistys ry:n vuosikokouksessa Yll\u00e4ksell\u00e4 Vuoden 2025 hiihtokouluna.\" \/>\n<meta property=\"og:url\" content=\"https:\/\/himos.fi\/en\/himoksen-hiihtokoululle-vuoden-2025-hiihtokoulu-palkinto\/\" \/>\n<meta property=\"og:site_name\" content=\"Himos.fi\" \/>\n<meta property=\"article:publisher\" content=\"https:\/\/www.facebook.com\/himosskiresort\/\" \/>\n<meta property=\"article:published_time\" content=\"2025-04-30T12:59:11+00:00\" \/>\n<meta property=\"article:modified_time\" content=\"2025-05-05T10:20:58+00:00\" \/>\n<meta property=\"og:image\" content=\"https:\/\/himos.fi\/wp-content\/uploads\/2025\/04\/2CH2244-scaled.jpg\" \/>\n\t<meta property=\"og:image:width\" content=\"2560\" \/>\n\t<meta property=\"og:image:height\" content=\"1707\" \/>\n\t<meta property=\"og:image:type\" content=\"image\/jpeg\" \/>\n<meta name=\"author\" content=\"Mari Minkkinen\" \/>\n<meta name=\"twitter:card\" content=\"summary_large_image\" \/>\n<meta name=\"twitter:label1\" content=\"Written by\" \/>\n\t<meta name=\"twitter:data1\" content=\"Mari Minkkinen\" \/>\n\t<meta name=\"twitter:label2\" content=\"Est. reading time\" \/>\n\t<meta name=\"twitter:data2\" content=\"2 minutes\" \/>\n<script type=\"application\/ld+json\" class=\"yoast-schema-graph\">{\"@context\":\"https:\/\/schema.org\",\"@graph\":[{\"@type\":\"Article\",\"@id\":\"https:\/\/himos.fi\/en\/himoksen-hiihtokoululle-vuoden-2025-hiihtokoulu-palkinto\/#article\",\"isPartOf\":{\"@id\":\"https:\/\/himos.fi\/en\/himoksen-hiihtokoululle-vuoden-2025-hiihtokoulu-palkinto\/\"},\"author\":{\"name\":\"Mari Minkkinen\",\"@id\":\"https:\/\/himos.fi\/en\/#\/schema\/person\/bcd80d385e43656978ae6c2668163c19\"},\"headline\":\"HIMOKSEN HIIHTOKOULULLE VUODEN 2025 HIIHTOKOULU -PALKINTO\",\"datePublished\":\"2025-04-30T12:59:11+00:00\",\"dateModified\":\"2025-05-05T10:20:58+00:00\",\"mainEntityOfPage\":{\"@id\":\"https:\/\/himos.fi\/en\/himoksen-hiihtokoululle-vuoden-2025-hiihtokoulu-palkinto\/\"},\"wordCount\":331,\"publisher\":{\"@id\":\"https:\/\/himos.fi\/en\/#organization\"},\"articleSection\":[\"Ajankohtaiset\"],\"inLanguage\":\"en-US\"},{\"@type\":\"WebPage\",\"@id\":\"https:\/\/himos.fi\/en\/himoksen-hiihtokoululle-vuoden-2025-hiihtokoulu-palkinto\/\",\"url\":\"https:\/\/himos.fi\/en\/himoksen-hiihtokoululle-vuoden-2025-hiihtokoulu-palkinto\/\",\"name\":\"HIMOKSEN HIIHTOKOULULLE VUODEN 2025 HIIHTOKOULU -PALKINTO - Himos.fi | Lumi-Suomen keskipiste!\",\"isPartOf\":{\"@id\":\"https:\/\/himos.fi\/en\/#website\"},\"datePublished\":\"2025-04-30T12:59:11+00:00\",\"dateModified\":\"2025-05-05T10:20:58+00:00\",\"description\":\"Himoksen hiihtokoulu palkittiin 29.4.2025 Suomen Hiihtokeskusyhdistys ry:n vuosikokouksessa Yll\u00e4ksell\u00e4 Vuoden 2025 hiihtokouluna.\",\"breadcrumb\":{\"@id\":\"https:\/\/himos.fi\/en\/himoksen-hiihtokoululle-vuoden-2025-hiihtokoulu-palkinto\/#breadcrumb\"},\"inLanguage\":\"en-US\",\"potentialAction\":[{\"@type\":\"ReadAction\",\"target\":[\"https:\/\/himos.fi\/en\/himoksen-hiihtokoululle-vuoden-2025-hiihtokoulu-palkinto\/\"]}]},{\"@type\":\"BreadcrumbList\",\"@id\":\"https:\/\/himos.fi\/en\/himoksen-hiihtokoululle-vuoden-2025-hiihtokoulu-palkinto\/#breadcrumb\",\"itemListElement\":[{\"@type\":\"ListItem\",\"position\":1,\"name\":\"Home\",\"item\":\"https:\/\/himos.fi\/en\/\"},{\"@type\":\"ListItem\",\"position\":2,\"name\":\"HIMOKSEN HIIHTOKOULULLE VUODEN 2025 HIIHTOKOULU -PALKINTO\"}]},{\"@type\":\"WebSite\",\"@id\":\"https:\/\/himos.fi\/en\/#website\",\"url\":\"https:\/\/himos.fi\/en\/\",\"name\":\"Himos.fi\",\"description\":\"Lumi-Suomen keskipiste!\",\"publisher\":{\"@id\":\"https:\/\/himos.fi\/en\/#organization\"},\"potentialAction\":[{\"@type\":\"SearchAction\",\"target\":{\"@type\":\"EntryPoint\",\"urlTemplate\":\"https:\/\/himos.fi\/en\/?s={search_term_string}\"},\"query-input\":\"required name=search_term_string\"}],\"inLanguage\":\"en-US\"},{\"@type\":\"Organization\",\"@id\":\"https:\/\/himos.fi\/en\/#organization\",\"name\":\"Himos-Yhti\u00f6t Oy\",\"url\":\"https:\/\/himos.fi\/en\/\",\"logo\":{\"@type\":\"ImageObject\",\"inLanguage\":\"en-US\",\"@id\":\"https:\/\/himos.fi\/en\/#\/schema\/logo\/image\/\",\"url\":\"https:\/\/himos.fi\/wp-content\/uploads\/2019\/09\/logo-meili.jpg\",\"contentUrl\":\"https:\/\/himos.fi\/wp-content\/uploads\/2019\/09\/logo-meili.jpg\",\"width\":273,\"height\":96,\"caption\":\"Himos-Yhti\u00f6t Oy\"},\"image\":{\"@id\":\"https:\/\/himos.fi\/en\/#\/schema\/logo\/image\/\"},\"sameAs\":[\"https:\/\/www.instagram.com\/himosskiresort\/\",\"https:\/\/www.youtube.com\/channel\/UCwqSxGN5HaqH3FvCl96ZBFw\",\"https:\/\/www.facebook.com\/himosskiresort\/\"]},{\"@type\":\"Person\",\"@id\":\"https:\/\/himos.fi\/en\/#\/schema\/person\/bcd80d385e43656978ae6c2668163c19\",\"name\":\"Mari Minkkinen\",\"image\":{\"@type\":\"ImageObject\",\"inLanguage\":\"en-US\",\"@id\":\"https:\/\/himos.fi\/en\/#\/schema\/person\/image\/\",\"url\":\"https:\/\/himos.fi\/wp-content\/litespeed\/avatar\/8bf4006aa082eb377cfb6c75327c92b5.jpg?ver=1776947701\",\"contentUrl\":\"https:\/\/himos.fi\/wp-content\/litespeed\/avatar\/8bf4006aa082eb377cfb6c75327c92b5.jpg?ver=1776947701\",\"caption\":\"Mari Minkkinen\"},\"url\":\"https:\/\/himos.fi\/en\/author\/mari-minkkinenhimos-fi\/\"}]}<\/script>\n<!-- \/ Yoast SEO plugin. -->","yoast_head_json":{"title":"HIMOKSEN HIIHTOKOULULLE VUODEN 2025 HIIHTOKOULU -PALKINTO - Himos.fi | Lumi-Suomen keskipiste!","description":"Himoksen hiihtokoulu palkittiin 29.4.2025 Suomen Hiihtokeskusyhdistys ry:n vuosikokouksessa Yll\u00e4ksell\u00e4 Vuoden 2025 hiihtokouluna.","robots":{"index":"index","follow":"follow","max-snippet":"max-snippet:-1","max-image-preview":"max-image-preview:large","max-video-preview":"max-video-preview:-1"},"canonical":"https:\/\/himos.fi\/en\/himoksen-hiihtokoululle-vuoden-2025-hiihtokoulu-palkinto\/","og_locale":"en_US","og_type":"article","og_title":"HIMOKSEN HIIHTOKOULULLE VUODEN 2025 HIIHTOKOULU -PALKINTO - Himos.fi | Lumi-Suomen keskipiste!","og_description":"Himoksen hiihtokoulu palkittiin 29.4.2025 Suomen Hiihtokeskusyhdistys ry:n vuosikokouksessa Yll\u00e4ksell\u00e4 Vuoden 2025 hiihtokouluna.","og_url":"https:\/\/himos.fi\/en\/himoksen-hiihtokoululle-vuoden-2025-hiihtokoulu-palkinto\/","og_site_name":"Himos.fi","article_publisher":"https:\/\/www.facebook.com\/himosskiresort\/","article_published_time":"2025-04-30T12:59:11+00:00","article_modified_time":"2025-05-05T10:20:58+00:00","og_image":[{"width":2560,"height":1707,"url":"https:\/\/himos.fi\/wp-content\/uploads\/2025\/04\/2CH2244-scaled.jpg","type":"image\/jpeg"}],"author":"Mari Minkkinen","twitter_card":"summary_large_image","twitter_misc":{"Written by":"Mari Minkkinen","Est. reading time":"2 minutes"},"schema":{"@context":"https:\/\/schema.org","@graph":[{"@type":"Article","@id":"https:\/\/himos.fi\/en\/himoksen-hiihtokoululle-vuoden-2025-hiihtokoulu-palkinto\/#article","isPartOf":{"@id":"https:\/\/himos.fi\/en\/himoksen-hiihtokoululle-vuoden-2025-hiihtokoulu-palkinto\/"},"author":{"name":"Mari Minkkinen","@id":"https:\/\/himos.fi\/en\/#\/schema\/person\/bcd80d385e43656978ae6c2668163c19"},"headline":"HIMOKSEN HIIHTOKOULULLE VUODEN 2025 HIIHTOKOULU -PALKINTO","datePublished":"2025-04-30T12:59:11+00:00","dateModified":"2025-05-05T10:20:58+00:00","mainEntityOfPage":{"@id":"https:\/\/himos.fi\/en\/himoksen-hiihtokoululle-vuoden-2025-hiihtokoulu-palkinto\/"},"wordCount":331,"publisher":{"@id":"https:\/\/himos.fi\/en\/#organization"},"articleSection":["Ajankohtaiset"],"inLanguage":"en-US"},{"@type":"WebPage","@id":"https:\/\/himos.fi\/en\/himoksen-hiihtokoululle-vuoden-2025-hiihtokoulu-palkinto\/","url":"https:\/\/himos.fi\/en\/himoksen-hiihtokoululle-vuoden-2025-hiihtokoulu-palkinto\/","name":"HIMOKSEN HIIHTOKOULULLE VUODEN 2025 HIIHTOKOULU -PALKINTO - Himos.fi | Lumi-Suomen keskipiste!","isPartOf":{"@id":"https:\/\/himos.fi\/en\/#website"},"datePublished":"2025-04-30T12:59:11+00:00","dateModified":"2025-05-05T10:20:58+00:00","description":"Himoksen hiihtokoulu palkittiin 29.4.2025 Suomen Hiihtokeskusyhdistys ry:n vuosikokouksessa Yll\u00e4ksell\u00e4 Vuoden 2025 hiihtokouluna.","breadcrumb":{"@id":"https:\/\/himos.fi\/en\/himoksen-hiihtokoululle-vuoden-2025-hiihtokoulu-palkinto\/#breadcrumb"},"inLanguage":"en-US","potentialAction":[{"@type":"ReadAction","target":["https:\/\/himos.fi\/en\/himoksen-hiihtokoululle-vuoden-2025-hiihtokoulu-palkinto\/"]}]},{"@type":"BreadcrumbList","@id":"https:\/\/himos.fi\/en\/himoksen-hiihtokoululle-vuoden-2025-hiihtokoulu-palkinto\/#breadcrumb","itemListElement":[{"@type":"ListItem","position":1,"name":"Home","item":"https:\/\/himos.fi\/en\/"},{"@type":"ListItem","position":2,"name":"HIMOKSEN HIIHTOKOULULLE VUODEN 2025 HIIHTOKOULU -PALKINTO"}]},{"@type":"WebSite","@id":"https:\/\/himos.fi\/en\/#website","url":"https:\/\/himos.fi\/en\/","name":"Himos.fi","description":"Lumi-Suomen keskipiste!","publisher":{"@id":"https:\/\/himos.fi\/en\/#organization"},"potentialAction":[{"@type":"SearchAction","target":{"@type":"EntryPoint","urlTemplate":"https:\/\/himos.fi\/en\/?s={search_term_string}"},"query-input":"required name=search_term_string"}],"inLanguage":"en-US"},{"@type":"Organization","@id":"https:\/\/himos.fi\/en\/#organization","name":"Himos-Yhti\u00f6t Oy","url":"https:\/\/himos.fi\/en\/","logo":{"@type":"ImageObject","inLanguage":"en-US","@id":"https:\/\/himos.fi\/en\/#\/schema\/logo\/image\/","url":"https:\/\/himos.fi\/wp-content\/uploads\/2019\/09\/logo-meili.jpg","contentUrl":"https:\/\/himos.fi\/wp-content\/uploads\/2019\/09\/logo-meili.jpg","width":273,"height":96,"caption":"Himos-Yhti\u00f6t Oy"},"image":{"@id":"https:\/\/himos.fi\/en\/#\/schema\/logo\/image\/"},"sameAs":["https:\/\/www.instagram.com\/himosskiresort\/","https:\/\/www.youtube.com\/channel\/UCwqSxGN5HaqH3FvCl96ZBFw","https:\/\/www.facebook.com\/himosskiresort\/"]},{"@type":"Person","@id":"https:\/\/himos.fi\/en\/#\/schema\/person\/bcd80d385e43656978ae6c2668163c19","name":"Mari Minkkinen","image":{"@type":"ImageObject","inLanguage":"en-US","@id":"https:\/\/himos.fi\/en\/#\/schema\/person\/image\/","url":"https:\/\/himos.fi\/wp-content\/litespeed\/avatar\/8bf4006aa082eb377cfb6c75327c92b5.jpg?ver=1776947701","contentUrl":"https:\/\/himos.fi\/wp-content\/litespeed\/avatar\/8bf4006aa082eb377cfb6c75327c92b5.jpg?ver=1776947701","caption":"Mari Minkkinen"},"url":"https:\/\/himos.fi\/en\/author\/mari-minkkinenhimos-fi\/"}]}},"_links":{"self":[{"href":"https:\/\/himos.fi\/en\/wp-json\/wp\/v2\/posts\/27315"}],"collection":[{"href":"https:\/\/himos.fi\/en\/wp-json\/wp\/v2\/posts"}],"about":[{"href":"https:\/\/himos.fi\/en\/wp-json\/wp\/v2\/types\/post"}],"author":[{"embeddable":true,"href":"https:\/\/himos.fi\/en\/wp-json\/wp\/v2\/users\/9"}],"replies":[{"embeddable":true,"href":"https:\/\/himos.fi\/en\/wp-json\/wp\/v2\/comments?post=27315"}],"version-history":[{"count":3,"href":"https:\/\/himos.fi\/en\/wp-json\/wp\/v2\/posts\/27315\/revisions"}],"predecessor-version":[{"id":27352,"href":"https:\/\/himos.fi\/en\/wp-json\/wp\/v2\/posts\/27315\/revisions\/27352"}],"wp:featuredmedia":[{"embeddable":true,"href":"https:\/\/himos.fi\/en\/wp-json\/wp\/v2\/media\/27316"}],"wp:attachment":[{"href":"https:\/\/himos.fi\/en\/wp-json\/wp\/v2\/media?parent=27315"}],"wp:term":[{"taxonomy":"category","embeddable":true,"href":"https:\/\/himos.fi\/en\/wp-json\/wp\/v2\/categories?post=27315"}],"curies":[{"name":"wp","href":"https:\/\/api.w.org\/{rel}","templated":true}]}}