{"id":27389,"date":"2025-06-03T12:19:40","date_gmt":"2025-06-03T09:19:40","guid":{"rendered":"https:\/\/himos.fi\/?p=27389"},"modified":"2025-06-03T12:19:41","modified_gmt":"2025-06-03T09:19:41","slug":"haemme-kahta-kausihiihdonopettajaa-maaraaikaiseen-tyosuhteeseen-kaudelle-25-26","status":"publish","type":"post","link":"https:\/\/himos.fi\/en\/haemme-kahta-kausihiihdonopettajaa-maaraaikaiseen-tyosuhteeseen-kaudelle-25-26\/","title":{"rendered":"HAEMME KAHTA KAUSIHIIHDONOPETTAJAA M\u00c4\u00c4R\u00c4AIKAISEEN TY\u00d6SUHTEESEEN KAUDELLE 25-26"},"content":{"rendered":"\n<p>Haluatko yhdist\u00e4\u00e4 intohimosi lasketteluun ja asiakaspalveluun ja viett\u00e4\u00e4 aikaa rinteess\u00e4?<br>Jos vastasit kyll\u00e4, saatat olla juuri se tyyppi, jota etsimme tulevaan talvikauteen!<br><\/p>\n\n\n\n<p>Haemme kahta kausihiihdonopettajaa m\u00e4\u00e4r\u00e4aikaiseen ty\u00f6suhteeseen. Ty\u00f6paikkoja on tarjolla kahdelle opettajalle.<\/p>\n\n\n\n<p>Kausiopettajana huolehdit opetuksen lis\u00e4ksi tuntien ja kurssien varauksista sek\u00e4 p\u00e4ivitt\u00e4isist\u00e4 toimistoteht\u00e4vist\u00e4. Tarvittaessa toimit my\u00f6s apuna v\u00e4linevuokraamon ja Ski Shopin palveluiden parissa, hiihtokoulun myyntipisteen sijaitessa vuokraamon yhteydess\u00e4.<\/p>\n\n\n\n<p>Etsimme teht\u00e4v\u00e4\u00e4n positiivisia ja organisointikykyisi\u00e4 tiimipelaajia, joiden hymy ei hyydy haastavissakaan tilanteissa. Ty\u00f6ss\u00e4si t\u00e4rkeint\u00e4 on saada aikaan onnistuneita asiakaspalvelukokemuksia ja onnistumisen el\u00e4myksi\u00e4.<\/p>\n\n\n\n<p>Teht\u00e4v\u00e4n menestyksek\u00e4s hoitaminen edellytt\u00e4\u00e4 SHORY:n tai SHKY:n alppihiidossa ja\/tai lumilautailussa suoritettua kurssia. Hallitset tietotekniikan perusteet ja puhut sujuvan suomen lis\u00e4ksi my\u00f6s englantia.<\/p>\n\n\n\n<p>Monipuolisten ty\u00f6teht\u00e4vien lis\u00e4ksi Himoksen kehittyv\u00e4 matkailualue tarjoaa upeat puitteet tehd\u00e4 t\u00f6it\u00e4 ja harrastaa, vain noin parin tunnin ajomatkan p\u00e4\u00e4ss\u00e4 Etel\u00e4-Suomen suurimmista kaupungeista.<\/p>\n\n\n\n<p>L\u00e4het\u00e4 meille vapaamuotoinen hakemus ja CV viimeist\u00e4\u00e4n 13.10.2025. osoitteeseen minna.stenberg@himos.fi<\/p>\n\n\n\n<p>Palkkaus on Hiihtokeskusalan TES:n mukainen.<\/p>\n\n\n\n<p>Ty\u00f6teht\u00e4v\u00e4 alkaa ja p\u00e4\u00e4ttyy sopimuksen mukaan, arviolta joulukuun alussa ja kest\u00e4\u00e4 maaliskuun loppuun.<\/p>\n\n\n\n<p>K\u00e4sittelemme hakemuksia jo hakuaikana ja t\u00e4yt\u00e4mme paikan sopivan henkil\u00f6n l\u00f6ydytty\u00e4.<\/p>\n\n\n\n<p>Lis\u00e4tietoja paikasta antaa toimitusjohtaja Elsi Ojala, elsi.ojala@himos.fi tai p. 0400 542 632 ja<br>Minna Stenberg, minna.stenberg@himos.fi, p. 040\u00a0139 3444<\/p>\n\n\n\n<p>Laita hakemus tulemaan, ehk\u00e4 juuri sin\u00e4 olet osa tulevan kauden huippujengi\u00e4!<\/p>\n\n\n\n<p>Artikkeli julkaistu 3.6.2025<\/p>\n","protected":false},"excerpt":{"rendered":"<p>Haluatko yhdist\u00e4\u00e4 intohimosi lasketteluun ja asiakaspalveluun ja viett\u00e4\u00e4 aikaa rinteess\u00e4?Jos vastasit kyll\u00e4, saatat olla juuri se tyyppi, jota etsimme tulevaan talvikauteen! Haemme kahta kausihiihdonopettajaa m\u00e4\u00e4r\u00e4aikaiseen ty\u00f6suhteeseen. Ty\u00f6paikkoja on tarjolla kahdelle opettajalle. Kausiopettajana huolehdit opetuksen lis\u00e4ksi tuntien ja kurssien varauksista sek\u00e4 p\u00e4ivitt\u00e4isist\u00e4 toimistoteht\u00e4vist\u00e4. Tarvittaessa toimit my\u00f6s apuna v\u00e4linevuokraamon ja Ski Shopin palveluiden parissa, hiihtokoulun myyntipisteen sijaitessa [&hellip;]<\/p>\n","protected":false},"author":9,"featured_media":27390,"comment_status":"closed","ping_status":"open","sticky":false,"template":"","format":"standard","meta":[],"categories":[39],"acf":[],"featured_image_src":"https:\/\/himos.fi\/wp-content\/uploads\/2025\/06\/2CH0129A-scaled.jpg","author_info":{"display_name":"Mari Minkkinen","author_link":"https:\/\/himos.fi\/en\/author\/mari-minkkinenhimos-fi\/"},"yoast_head":"<!-- This site is optimized with the Yoast SEO plugin v19.11 - https:\/\/yoast.com\/wordpress\/plugins\/seo\/ -->\n<title>HAEMME KAHTA KAUSIHIIHDONOPETTAJAA M\u00c4\u00c4R\u00c4AIKAISEEN TY\u00d6SUHTEESEEN KAUDELLE 25-26 - Himos.fi | Lumi-Suomen keskipiste!<\/title>\n<meta name=\"description\" content=\"Haluatko yhdist\u00e4\u00e4 intohimosi lasketteluun ja asiakaspalveluun ja viett\u00e4\u00e4 aikaa rinteess\u00e4? Jos vastasit kyll\u00e4, saatat olla juuri se tyyppi, jota etsimme tulevaan talvikauteen!\" \/>\n<meta name=\"robots\" content=\"index, follow, max-snippet:-1, max-image-preview:large, max-video-preview:-1\" \/>\n<link rel=\"canonical\" href=\"https:\/\/himos.fi\/en\/haemme-kahta-kausihiihdonopettajaa-maaraaikaiseen-tyosuhteeseen-kaudelle-25-26\/\" \/>\n<meta property=\"og:locale\" content=\"en_US\" \/>\n<meta property=\"og:type\" content=\"article\" \/>\n<meta property=\"og:title\" content=\"HAEMME KAHTA KAUSIHIIHDONOPETTAJAA M\u00c4\u00c4R\u00c4AIKAISEEN TY\u00d6SUHTEESEEN KAUDELLE 25-26 - Himos.fi | Lumi-Suomen keskipiste!\" \/>\n<meta property=\"og:description\" content=\"Haluatko yhdist\u00e4\u00e4 intohimosi lasketteluun ja asiakaspalveluun ja viett\u00e4\u00e4 aikaa rinteess\u00e4? Jos vastasit kyll\u00e4, saatat olla juuri se tyyppi, jota etsimme tulevaan talvikauteen!\" \/>\n<meta property=\"og:url\" content=\"https:\/\/himos.fi\/en\/haemme-kahta-kausihiihdonopettajaa-maaraaikaiseen-tyosuhteeseen-kaudelle-25-26\/\" \/>\n<meta property=\"og:site_name\" content=\"Himos.fi\" \/>\n<meta property=\"article:publisher\" content=\"https:\/\/www.facebook.com\/himosskiresort\/\" \/>\n<meta property=\"article:published_time\" content=\"2025-06-03T09:19:40+00:00\" \/>\n<meta property=\"article:modified_time\" content=\"2025-06-03T09:19:41+00:00\" \/>\n<meta property=\"og:image\" content=\"https:\/\/himos.fi\/wp-content\/uploads\/2025\/06\/2CH0129A-scaled.jpg\" \/>\n\t<meta property=\"og:image:width\" content=\"2560\" \/>\n\t<meta property=\"og:image:height\" content=\"1707\" \/>\n\t<meta property=\"og:image:type\" content=\"image\/jpeg\" \/>\n<meta name=\"author\" content=\"Mari Minkkinen\" \/>\n<meta name=\"twitter:card\" content=\"summary_large_image\" \/>\n<meta name=\"twitter:label1\" content=\"Written by\" \/>\n\t<meta name=\"twitter:data1\" content=\"Mari Minkkinen\" \/>\n\t<meta name=\"twitter:label2\" content=\"Est. reading time\" \/>\n\t<meta name=\"twitter:data2\" content=\"1 minute\" \/>\n<script type=\"application\/ld+json\" class=\"yoast-schema-graph\">{\"@context\":\"https:\/\/schema.org\",\"@graph\":[{\"@type\":\"Article\",\"@id\":\"https:\/\/himos.fi\/en\/haemme-kahta-kausihiihdonopettajaa-maaraaikaiseen-tyosuhteeseen-kaudelle-25-26\/#article\",\"isPartOf\":{\"@id\":\"https:\/\/himos.fi\/en\/haemme-kahta-kausihiihdonopettajaa-maaraaikaiseen-tyosuhteeseen-kaudelle-25-26\/\"},\"author\":{\"name\":\"Mari Minkkinen\",\"@id\":\"https:\/\/himos.fi\/en\/#\/schema\/person\/bcd80d385e43656978ae6c2668163c19\"},\"headline\":\"HAEMME KAHTA KAUSIHIIHDONOPETTAJAA M\u00c4\u00c4R\u00c4AIKAISEEN TY\u00d6SUHTEESEEN KAUDELLE 25-26\",\"datePublished\":\"2025-06-03T09:19:40+00:00\",\"dateModified\":\"2025-06-03T09:19:41+00:00\",\"mainEntityOfPage\":{\"@id\":\"https:\/\/himos.fi\/en\/haemme-kahta-kausihiihdonopettajaa-maaraaikaiseen-tyosuhteeseen-kaudelle-25-26\/\"},\"wordCount\":248,\"publisher\":{\"@id\":\"https:\/\/himos.fi\/en\/#organization\"},\"articleSection\":[\"Ajankohtaiset\"],\"inLanguage\":\"en-US\"},{\"@type\":\"WebPage\",\"@id\":\"https:\/\/himos.fi\/en\/haemme-kahta-kausihiihdonopettajaa-maaraaikaiseen-tyosuhteeseen-kaudelle-25-26\/\",\"url\":\"https:\/\/himos.fi\/en\/haemme-kahta-kausihiihdonopettajaa-maaraaikaiseen-tyosuhteeseen-kaudelle-25-26\/\",\"name\":\"HAEMME KAHTA KAUSIHIIHDONOPETTAJAA M\u00c4\u00c4R\u00c4AIKAISEEN TY\u00d6SUHTEESEEN KAUDELLE 25-26 - Himos.fi | Lumi-Suomen keskipiste!\",\"isPartOf\":{\"@id\":\"https:\/\/himos.fi\/en\/#website\"},\"datePublished\":\"2025-06-03T09:19:40+00:00\",\"dateModified\":\"2025-06-03T09:19:41+00:00\",\"description\":\"Haluatko yhdist\u00e4\u00e4 intohimosi lasketteluun ja asiakaspalveluun ja viett\u00e4\u00e4 aikaa rinteess\u00e4? Jos vastasit kyll\u00e4, saatat olla juuri se tyyppi, jota etsimme tulevaan talvikauteen!\",\"breadcrumb\":{\"@id\":\"https:\/\/himos.fi\/en\/haemme-kahta-kausihiihdonopettajaa-maaraaikaiseen-tyosuhteeseen-kaudelle-25-26\/#breadcrumb\"},\"inLanguage\":\"en-US\",\"potentialAction\":[{\"@type\":\"ReadAction\",\"target\":[\"https:\/\/himos.fi\/en\/haemme-kahta-kausihiihdonopettajaa-maaraaikaiseen-tyosuhteeseen-kaudelle-25-26\/\"]}]},{\"@type\":\"BreadcrumbList\",\"@id\":\"https:\/\/himos.fi\/en\/haemme-kahta-kausihiihdonopettajaa-maaraaikaiseen-tyosuhteeseen-kaudelle-25-26\/#breadcrumb\",\"itemListElement\":[{\"@type\":\"ListItem\",\"position\":1,\"name\":\"Home\",\"item\":\"https:\/\/himos.fi\/en\/\"},{\"@type\":\"ListItem\",\"position\":2,\"name\":\"HAEMME KAHTA KAUSIHIIHDONOPETTAJAA M\u00c4\u00c4R\u00c4AIKAISEEN TY\u00d6SUHTEESEEN KAUDELLE 25-26\"}]},{\"@type\":\"WebSite\",\"@id\":\"https:\/\/himos.fi\/en\/#website\",\"url\":\"https:\/\/himos.fi\/en\/\",\"name\":\"Himos.fi\",\"description\":\"Lumi-Suomen keskipiste!\",\"publisher\":{\"@id\":\"https:\/\/himos.fi\/en\/#organization\"},\"potentialAction\":[{\"@type\":\"SearchAction\",\"target\":{\"@type\":\"EntryPoint\",\"urlTemplate\":\"https:\/\/himos.fi\/en\/?s={search_term_string}\"},\"query-input\":\"required name=search_term_string\"}],\"inLanguage\":\"en-US\"},{\"@type\":\"Organization\",\"@id\":\"https:\/\/himos.fi\/en\/#organization\",\"name\":\"Himos-Yhti\u00f6t Oy\",\"url\":\"https:\/\/himos.fi\/en\/\",\"logo\":{\"@type\":\"ImageObject\",\"inLanguage\":\"en-US\",\"@id\":\"https:\/\/himos.fi\/en\/#\/schema\/logo\/image\/\",\"url\":\"https:\/\/himos.fi\/wp-content\/uploads\/2019\/09\/logo-meili.jpg\",\"contentUrl\":\"https:\/\/himos.fi\/wp-content\/uploads\/2019\/09\/logo-meili.jpg\",\"width\":273,\"height\":96,\"caption\":\"Himos-Yhti\u00f6t Oy\"},\"image\":{\"@id\":\"https:\/\/himos.fi\/en\/#\/schema\/logo\/image\/\"},\"sameAs\":[\"https:\/\/www.instagram.com\/himosskiresort\/\",\"https:\/\/www.youtube.com\/channel\/UCwqSxGN5HaqH3FvCl96ZBFw\",\"https:\/\/www.facebook.com\/himosskiresort\/\"]},{\"@type\":\"Person\",\"@id\":\"https:\/\/himos.fi\/en\/#\/schema\/person\/bcd80d385e43656978ae6c2668163c19\",\"name\":\"Mari Minkkinen\",\"image\":{\"@type\":\"ImageObject\",\"inLanguage\":\"en-US\",\"@id\":\"https:\/\/himos.fi\/en\/#\/schema\/person\/image\/\",\"url\":\"https:\/\/himos.fi\/wp-content\/litespeed\/avatar\/8bf4006aa082eb377cfb6c75327c92b5.jpg?ver=1776947701\",\"contentUrl\":\"https:\/\/himos.fi\/wp-content\/litespeed\/avatar\/8bf4006aa082eb377cfb6c75327c92b5.jpg?ver=1776947701\",\"caption\":\"Mari Minkkinen\"},\"url\":\"https:\/\/himos.fi\/en\/author\/mari-minkkinenhimos-fi\/\"}]}<\/script>\n<!-- \/ Yoast SEO plugin. -->","yoast_head_json":{"title":"HAEMME KAHTA KAUSIHIIHDONOPETTAJAA M\u00c4\u00c4R\u00c4AIKAISEEN TY\u00d6SUHTEESEEN KAUDELLE 25-26 - Himos.fi | Lumi-Suomen keskipiste!","description":"Haluatko yhdist\u00e4\u00e4 intohimosi lasketteluun ja asiakaspalveluun ja viett\u00e4\u00e4 aikaa rinteess\u00e4? Jos vastasit kyll\u00e4, saatat olla juuri se tyyppi, jota etsimme tulevaan talvikauteen!","robots":{"index":"index","follow":"follow","max-snippet":"max-snippet:-1","max-image-preview":"max-image-preview:large","max-video-preview":"max-video-preview:-1"},"canonical":"https:\/\/himos.fi\/en\/haemme-kahta-kausihiihdonopettajaa-maaraaikaiseen-tyosuhteeseen-kaudelle-25-26\/","og_locale":"en_US","og_type":"article","og_title":"HAEMME KAHTA KAUSIHIIHDONOPETTAJAA M\u00c4\u00c4R\u00c4AIKAISEEN TY\u00d6SUHTEESEEN KAUDELLE 25-26 - Himos.fi | Lumi-Suomen keskipiste!","og_description":"Haluatko yhdist\u00e4\u00e4 intohimosi lasketteluun ja asiakaspalveluun ja viett\u00e4\u00e4 aikaa rinteess\u00e4? Jos vastasit kyll\u00e4, saatat olla juuri se tyyppi, jota etsimme tulevaan talvikauteen!","og_url":"https:\/\/himos.fi\/en\/haemme-kahta-kausihiihdonopettajaa-maaraaikaiseen-tyosuhteeseen-kaudelle-25-26\/","og_site_name":"Himos.fi","article_publisher":"https:\/\/www.facebook.com\/himosskiresort\/","article_published_time":"2025-06-03T09:19:40+00:00","article_modified_time":"2025-06-03T09:19:41+00:00","og_image":[{"width":2560,"height":1707,"url":"https:\/\/himos.fi\/wp-content\/uploads\/2025\/06\/2CH0129A-scaled.jpg","type":"image\/jpeg"}],"author":"Mari Minkkinen","twitter_card":"summary_large_image","twitter_misc":{"Written by":"Mari Minkkinen","Est. reading time":"1 minute"},"schema":{"@context":"https:\/\/schema.org","@graph":[{"@type":"Article","@id":"https:\/\/himos.fi\/en\/haemme-kahta-kausihiihdonopettajaa-maaraaikaiseen-tyosuhteeseen-kaudelle-25-26\/#article","isPartOf":{"@id":"https:\/\/himos.fi\/en\/haemme-kahta-kausihiihdonopettajaa-maaraaikaiseen-tyosuhteeseen-kaudelle-25-26\/"},"author":{"name":"Mari Minkkinen","@id":"https:\/\/himos.fi\/en\/#\/schema\/person\/bcd80d385e43656978ae6c2668163c19"},"headline":"HAEMME KAHTA KAUSIHIIHDONOPETTAJAA M\u00c4\u00c4R\u00c4AIKAISEEN TY\u00d6SUHTEESEEN KAUDELLE 25-26","datePublished":"2025-06-03T09:19:40+00:00","dateModified":"2025-06-03T09:19:41+00:00","mainEntityOfPage":{"@id":"https:\/\/himos.fi\/en\/haemme-kahta-kausihiihdonopettajaa-maaraaikaiseen-tyosuhteeseen-kaudelle-25-26\/"},"wordCount":248,"publisher":{"@id":"https:\/\/himos.fi\/en\/#organization"},"articleSection":["Ajankohtaiset"],"inLanguage":"en-US"},{"@type":"WebPage","@id":"https:\/\/himos.fi\/en\/haemme-kahta-kausihiihdonopettajaa-maaraaikaiseen-tyosuhteeseen-kaudelle-25-26\/","url":"https:\/\/himos.fi\/en\/haemme-kahta-kausihiihdonopettajaa-maaraaikaiseen-tyosuhteeseen-kaudelle-25-26\/","name":"HAEMME KAHTA KAUSIHIIHDONOPETTAJAA M\u00c4\u00c4R\u00c4AIKAISEEN TY\u00d6SUHTEESEEN KAUDELLE 25-26 - Himos.fi | Lumi-Suomen keskipiste!","isPartOf":{"@id":"https:\/\/himos.fi\/en\/#website"},"datePublished":"2025-06-03T09:19:40+00:00","dateModified":"2025-06-03T09:19:41+00:00","description":"Haluatko yhdist\u00e4\u00e4 intohimosi lasketteluun ja asiakaspalveluun ja viett\u00e4\u00e4 aikaa rinteess\u00e4? Jos vastasit kyll\u00e4, saatat olla juuri se tyyppi, jota etsimme tulevaan talvikauteen!","breadcrumb":{"@id":"https:\/\/himos.fi\/en\/haemme-kahta-kausihiihdonopettajaa-maaraaikaiseen-tyosuhteeseen-kaudelle-25-26\/#breadcrumb"},"inLanguage":"en-US","potentialAction":[{"@type":"ReadAction","target":["https:\/\/himos.fi\/en\/haemme-kahta-kausihiihdonopettajaa-maaraaikaiseen-tyosuhteeseen-kaudelle-25-26\/"]}]},{"@type":"BreadcrumbList","@id":"https:\/\/himos.fi\/en\/haemme-kahta-kausihiihdonopettajaa-maaraaikaiseen-tyosuhteeseen-kaudelle-25-26\/#breadcrumb","itemListElement":[{"@type":"ListItem","position":1,"name":"Home","item":"https:\/\/himos.fi\/en\/"},{"@type":"ListItem","position":2,"name":"HAEMME KAHTA KAUSIHIIHDONOPETTAJAA M\u00c4\u00c4R\u00c4AIKAISEEN TY\u00d6SUHTEESEEN KAUDELLE 25-26"}]},{"@type":"WebSite","@id":"https:\/\/himos.fi\/en\/#website","url":"https:\/\/himos.fi\/en\/","name":"Himos.fi","description":"Lumi-Suomen keskipiste!","publisher":{"@id":"https:\/\/himos.fi\/en\/#organization"},"potentialAction":[{"@type":"SearchAction","target":{"@type":"EntryPoint","urlTemplate":"https:\/\/himos.fi\/en\/?s={search_term_string}"},"query-input":"required name=search_term_string"}],"inLanguage":"en-US"},{"@type":"Organization","@id":"https:\/\/himos.fi\/en\/#organization","name":"Himos-Yhti\u00f6t Oy","url":"https:\/\/himos.fi\/en\/","logo":{"@type":"ImageObject","inLanguage":"en-US","@id":"https:\/\/himos.fi\/en\/#\/schema\/logo\/image\/","url":"https:\/\/himos.fi\/wp-content\/uploads\/2019\/09\/logo-meili.jpg","contentUrl":"https:\/\/himos.fi\/wp-content\/uploads\/2019\/09\/logo-meili.jpg","width":273,"height":96,"caption":"Himos-Yhti\u00f6t Oy"},"image":{"@id":"https:\/\/himos.fi\/en\/#\/schema\/logo\/image\/"},"sameAs":["https:\/\/www.instagram.com\/himosskiresort\/","https:\/\/www.youtube.com\/channel\/UCwqSxGN5HaqH3FvCl96ZBFw","https:\/\/www.facebook.com\/himosskiresort\/"]},{"@type":"Person","@id":"https:\/\/himos.fi\/en\/#\/schema\/person\/bcd80d385e43656978ae6c2668163c19","name":"Mari Minkkinen","image":{"@type":"ImageObject","inLanguage":"en-US","@id":"https:\/\/himos.fi\/en\/#\/schema\/person\/image\/","url":"https:\/\/himos.fi\/wp-content\/litespeed\/avatar\/8bf4006aa082eb377cfb6c75327c92b5.jpg?ver=1776947701","contentUrl":"https:\/\/himos.fi\/wp-content\/litespeed\/avatar\/8bf4006aa082eb377cfb6c75327c92b5.jpg?ver=1776947701","caption":"Mari Minkkinen"},"url":"https:\/\/himos.fi\/en\/author\/mari-minkkinenhimos-fi\/"}]}},"_links":{"self":[{"href":"https:\/\/himos.fi\/en\/wp-json\/wp\/v2\/posts\/27389"}],"collection":[{"href":"https:\/\/himos.fi\/en\/wp-json\/wp\/v2\/posts"}],"about":[{"href":"https:\/\/himos.fi\/en\/wp-json\/wp\/v2\/types\/post"}],"author":[{"embeddable":true,"href":"https:\/\/himos.fi\/en\/wp-json\/wp\/v2\/users\/9"}],"replies":[{"embeddable":true,"href":"https:\/\/himos.fi\/en\/wp-json\/wp\/v2\/comments?post=27389"}],"version-history":[{"count":1,"href":"https:\/\/himos.fi\/en\/wp-json\/wp\/v2\/posts\/27389\/revisions"}],"predecessor-version":[{"id":27393,"href":"https:\/\/himos.fi\/en\/wp-json\/wp\/v2\/posts\/27389\/revisions\/27393"}],"wp:featuredmedia":[{"embeddable":true,"href":"https:\/\/himos.fi\/en\/wp-json\/wp\/v2\/media\/27390"}],"wp:attachment":[{"href":"https:\/\/himos.fi\/en\/wp-json\/wp\/v2\/media?parent=27389"}],"wp:term":[{"taxonomy":"category","embeddable":true,"href":"https:\/\/himos.fi\/en\/wp-json\/wp\/v2\/categories?post=27389"}],"curies":[{"name":"wp","href":"https:\/\/api.w.org\/{rel}","templated":true}]}}