{"id":27470,"date":"2025-07-03T15:53:40","date_gmt":"2025-07-03T12:53:40","guid":{"rendered":"https:\/\/himos.fi\/?p=27470"},"modified":"2025-07-03T16:13:10","modified_gmt":"2025-07-03T13:13:10","slug":"himos-yhtiot-vahvistaa-kestavan-matkailun-jalustaa-himoksella","status":"publish","type":"post","link":"https:\/\/himos.fi\/en\/himos-yhtiot-vahvistaa-kestavan-matkailun-jalustaa-himoksella\/","title":{"rendered":"HIMOS-YHTI\u00d6T VAHVISTAA KEST\u00c4V\u00c4N MATKAILUN JALUSTAA HIMOKSELLA"},"content":{"rendered":"\n<p>Himos-Yhti\u00f6t Oy:lle on kes\u00e4kuussa 2025 my\u00f6nnetty Sustainable Travel Finland (STF) -merkki osoituksena arvokkaasta ja pitk\u00e4j\u00e4nteisest\u00e4 ty\u00f6st\u00e4 kest\u00e4v\u00e4n matkailun eteen. Merkki kertoo, ett\u00e4 STF-ohjelman kriteerit t\u00e4ytt\u00e4v\u00e4 yritys on sitoutunut ekologisesti, sosiokulttuurisesti ja taloudellisesti kest\u00e4v\u00e4\u00e4n toimintaan. Yrityksen kest\u00e4v\u00e4n kehityksen tavoitteiden ja p\u00e4ivittyvien vastuullisuusvelvoitteiden seuraamiseksi STF-merkki uusitaan s\u00e4\u00e4nn\u00f6llisesti.<br><em><br>-Olemme nyt saavuttaneet vastuullisuusty\u00f6ss\u00e4mme merkitt\u00e4v\u00e4n etapin, jonka viitoittamana on hienoa jatkaa tekemist\u00e4 entist\u00e4 tavoitteellisemmin. Vastuullisesti ja kest\u00e4v\u00e4sti tuotetut palvelut ovat yh\u00e4 t\u00e4rke\u00e4mpi\u00e4 niin kansainv\u00e4lisille kuin kotimaisillekin laskettelijoille. Ja onhan kest\u00e4v\u00e4n toiminnan huomioiminen sek\u00e4 konkreettiset vastuullisuusteot liiketoiminnassa my\u00f6s elinehto yritykselle itselleen, Himos-Yhti\u00f6iden toimitusjohtaja Elsi Ojala iloitsee.<br><\/em><br>Vastuullisuus ja kest\u00e4v\u00e4 kehitys on huomioitu yrityksess\u00e4 monin tavoin sen 40-vuotisen historian aikana. Esimerkiksi lumetusprosessista syntyv\u00e4 hukkal\u00e4mp\u00f6 on 80-luvun lopulta saakka hy\u00f6dynnetty l\u00e4nsirinteiden rinnepalvelurakennusten ja k\u00e4ytt\u00f6veden l\u00e4mmitykseen. Yhti\u00f6n uusiin rinnekoneisiin on hankittu ajoa ja lumen m\u00e4\u00e4r\u00e4\u00e4 mittaavat ohjelmat, joiden avulla pyrit\u00e4\u00e4n optimoimaan lumetuksen ja rinneajon m\u00e4\u00e4r\u00e4\u00e4. Lis\u00e4ksi rinnealueelle on viime vuosina lis\u00e4tty mahdollisuuksia j\u00e4tteiden lajitteluun ja Himoksen rinteiden keskeinen sijainti l\u00e4hell\u00e4 etel\u00e4isen Suomen suuria kaupunkeja mahdollistaa my\u00f6s asiakkaille kevyemm\u00e4n hiilisuksenj\u00e4ljen.<\/p>\n\n\n\n<p><em>-Himos on hieno esimerkki siit\u00e4, miten vastuullisuusty\u00f6t\u00e4 voidaan tehd\u00e4 m\u00e4\u00e4r\u00e4tietoisesti ja monella tasolla \u2013 energiatehokkuudesta yhteiskuntavastuuseen. Erityisesti ilahduttaa se, ett\u00e4 kehitysty\u00f6t\u00e4 tehd\u00e4\u00e4n pitk\u00e4j\u00e4nteisesti: ymp\u00e4rist\u00f6vaikutuksia seurataan hiilijalanj\u00e4ljen laskennalla ja teknisi\u00e4 ratkaisuja, kuten lumetuksen hukkal\u00e4mm\u00f6n hy\u00f6dynt\u00e4mist\u00e4, kehitet\u00e4\u00e4n jatkuvasti. STF-merkin my\u00f6nt\u00e4minen on tunnustus t\u00e4st\u00e4 sitoutumisesta ja kannustus jatkaa samalla tiell\u00e4, Visit Finlandin kest\u00e4v\u00e4n matkailun asiantuntija Liisa Kokkarinen kommentoi.<\/em><\/p>\n\n\n\n<p>Himoksen alueella STF-merkki on my\u00f6nnetty aiemmin HimosLomat Oy:lle, joten Himos-Yhti\u00f6ille my\u00f6nnetty merkki vahvistaa entisest\u00e4\u00e4n alueen vastuullista ja kest\u00e4v\u00e4\u00e4 matkailutoimintaa. Himos-Yhti\u00f6t Oy:n toiminnalle on lis\u00e4ksi my\u00f6nnetty Ekokompassi-sertifikaatti toukokuussa 2024.<\/p>\n\n\n\n<p>Artikkeli on julkaistu 3.7.2025<\/p>\n","protected":false},"excerpt":{"rendered":"<p>Himos-Yhti\u00f6t Oy:lle on kes\u00e4kuussa 2025 my\u00f6nnetty Sustainable Travel Finland (STF) -merkki osoituksena arvokkaasta ja pitk\u00e4j\u00e4nteisest\u00e4 ty\u00f6st\u00e4 kest\u00e4v\u00e4n matkailun eteen. Merkki kertoo, ett\u00e4 STF-ohjelman kriteerit t\u00e4ytt\u00e4v\u00e4 yritys on sitoutunut ekologisesti, sosiokulttuurisesti ja taloudellisesti kest\u00e4v\u00e4\u00e4n toimintaan. Yrityksen kest\u00e4v\u00e4n kehityksen tavoitteiden ja p\u00e4ivittyvien vastuullisuusvelvoitteiden seuraamiseksi STF-merkki uusitaan s\u00e4\u00e4nn\u00f6llisesti.-Olemme nyt saavuttaneet vastuullisuusty\u00f6ss\u00e4mme merkitt\u00e4v\u00e4n etapin, jonka viitoittamana on hienoa jatkaa [&hellip;]<\/p>\n","protected":false},"author":3,"featured_media":27471,"comment_status":"closed","ping_status":"open","sticky":false,"template":"","format":"standard","meta":[],"categories":[39],"acf":[],"featured_image_src":"https:\/\/himos.fi\/wp-content\/uploads\/2025\/07\/Lumetus_Bonus_03012025-scaled.jpeg","author_info":{"display_name":"Elsi Ojala","author_link":"https:\/\/himos.fi\/en\/author\/elsi-ojalahimos-fi\/"},"yoast_head":"<!-- This site is optimized with the Yoast SEO plugin v19.11 - https:\/\/yoast.com\/wordpress\/plugins\/seo\/ -->\n<title>HIMOS-YHTI\u00d6T VAHVISTAA KEST\u00c4V\u00c4N MATKAILUN JALUSTAA HIMOKSELLA - Himos.fi<\/title>\n<meta name=\"description\" content=\"Himos-Yhti\u00f6t Oy:lle on kes\u00e4kuussa 2025 my\u00f6nnetty Sustainable Travel Finland (STF) -merkki osoituksena arvokkaasta ja pitk\u00e4j\u00e4nteisest\u00e4 ty\u00f6st\u00e4 kest\u00e4v\u00e4n matkailun eteen...\" \/>\n<meta name=\"robots\" content=\"index, follow, max-snippet:-1, max-image-preview:large, max-video-preview:-1\" \/>\n<link rel=\"canonical\" href=\"https:\/\/himos.fi\/en\/himos-yhtiot-vahvistaa-kestavan-matkailun-jalustaa-himoksella\/\" \/>\n<meta property=\"og:locale\" content=\"en_US\" \/>\n<meta property=\"og:type\" content=\"article\" \/>\n<meta property=\"og:title\" content=\"HIMOS-YHTI\u00d6T VAHVISTAA KEST\u00c4V\u00c4N MATKAILUN JALUSTAA HIMOKSELLA - Himos.fi\" \/>\n<meta property=\"og:description\" content=\"Himos-Yhti\u00f6t Oy:lle on kes\u00e4kuussa 2025 my\u00f6nnetty Sustainable Travel Finland (STF) -merkki osoituksena arvokkaasta ja pitk\u00e4j\u00e4nteisest\u00e4 ty\u00f6st\u00e4 kest\u00e4v\u00e4n matkailun eteen...\" \/>\n<meta property=\"og:url\" content=\"https:\/\/himos.fi\/en\/himos-yhtiot-vahvistaa-kestavan-matkailun-jalustaa-himoksella\/\" \/>\n<meta property=\"og:site_name\" content=\"Himos.fi\" \/>\n<meta property=\"article:publisher\" content=\"https:\/\/www.facebook.com\/himosskiresort\/\" \/>\n<meta property=\"article:published_time\" content=\"2025-07-03T12:53:40+00:00\" \/>\n<meta property=\"article:modified_time\" content=\"2025-07-03T13:13:10+00:00\" \/>\n<meta property=\"og:image\" content=\"https:\/\/himos.fi\/wp-content\/uploads\/2025\/07\/Lumetus_Bonus_03012025-scaled.jpeg\" \/>\n\t<meta property=\"og:image:width\" content=\"2560\" \/>\n\t<meta property=\"og:image:height\" content=\"1920\" \/>\n\t<meta property=\"og:image:type\" content=\"image\/jpeg\" \/>\n<meta name=\"author\" content=\"Elsi Ojala\" \/>\n<meta name=\"twitter:card\" content=\"summary_large_image\" \/>\n<meta name=\"twitter:label1\" content=\"Written by\" \/>\n\t<meta name=\"twitter:data1\" content=\"Elsi Ojala\" \/>\n\t<meta name=\"twitter:label2\" content=\"Est. reading time\" \/>\n\t<meta name=\"twitter:data2\" content=\"2 minutes\" \/>\n<script type=\"application\/ld+json\" class=\"yoast-schema-graph\">{\"@context\":\"https:\/\/schema.org\",\"@graph\":[{\"@type\":\"Article\",\"@id\":\"https:\/\/himos.fi\/en\/himos-yhtiot-vahvistaa-kestavan-matkailun-jalustaa-himoksella\/#article\",\"isPartOf\":{\"@id\":\"https:\/\/himos.fi\/en\/himos-yhtiot-vahvistaa-kestavan-matkailun-jalustaa-himoksella\/\"},\"author\":{\"name\":\"Elsi Ojala\",\"@id\":\"https:\/\/himos.fi\/en\/#\/schema\/person\/13971d2a2eaafd278d32d5d888aeb2a0\"},\"headline\":\"HIMOS-YHTI\u00d6T VAHVISTAA KEST\u00c4V\u00c4N MATKAILUN JALUSTAA HIMOKSELLA\",\"datePublished\":\"2025-07-03T12:53:40+00:00\",\"dateModified\":\"2025-07-03T13:13:10+00:00\",\"mainEntityOfPage\":{\"@id\":\"https:\/\/himos.fi\/en\/himos-yhtiot-vahvistaa-kestavan-matkailun-jalustaa-himoksella\/\"},\"wordCount\":332,\"publisher\":{\"@id\":\"https:\/\/himos.fi\/en\/#organization\"},\"articleSection\":[\"Ajankohtaiset\"],\"inLanguage\":\"en-US\"},{\"@type\":\"WebPage\",\"@id\":\"https:\/\/himos.fi\/en\/himos-yhtiot-vahvistaa-kestavan-matkailun-jalustaa-himoksella\/\",\"url\":\"https:\/\/himos.fi\/en\/himos-yhtiot-vahvistaa-kestavan-matkailun-jalustaa-himoksella\/\",\"name\":\"HIMOS-YHTI\u00d6T VAHVISTAA KEST\u00c4V\u00c4N MATKAILUN JALUSTAA HIMOKSELLA - Himos.fi\",\"isPartOf\":{\"@id\":\"https:\/\/himos.fi\/en\/#website\"},\"datePublished\":\"2025-07-03T12:53:40+00:00\",\"dateModified\":\"2025-07-03T13:13:10+00:00\",\"description\":\"Himos-Yhti\u00f6t Oy:lle on kes\u00e4kuussa 2025 my\u00f6nnetty Sustainable Travel Finland (STF) -merkki osoituksena arvokkaasta ja pitk\u00e4j\u00e4nteisest\u00e4 ty\u00f6st\u00e4 kest\u00e4v\u00e4n matkailun eteen...\",\"breadcrumb\":{\"@id\":\"https:\/\/himos.fi\/en\/himos-yhtiot-vahvistaa-kestavan-matkailun-jalustaa-himoksella\/#breadcrumb\"},\"inLanguage\":\"en-US\",\"potentialAction\":[{\"@type\":\"ReadAction\",\"target\":[\"https:\/\/himos.fi\/en\/himos-yhtiot-vahvistaa-kestavan-matkailun-jalustaa-himoksella\/\"]}]},{\"@type\":\"BreadcrumbList\",\"@id\":\"https:\/\/himos.fi\/en\/himos-yhtiot-vahvistaa-kestavan-matkailun-jalustaa-himoksella\/#breadcrumb\",\"itemListElement\":[{\"@type\":\"ListItem\",\"position\":1,\"name\":\"Home\",\"item\":\"https:\/\/himos.fi\/en\/\"},{\"@type\":\"ListItem\",\"position\":2,\"name\":\"HIMOS-YHTI\u00d6T VAHVISTAA KEST\u00c4V\u00c4N MATKAILUN JALUSTAA HIMOKSELLA\"}]},{\"@type\":\"WebSite\",\"@id\":\"https:\/\/himos.fi\/en\/#website\",\"url\":\"https:\/\/himos.fi\/en\/\",\"name\":\"Himos.fi\",\"description\":\"Lumi-Suomen keskipiste!\",\"publisher\":{\"@id\":\"https:\/\/himos.fi\/en\/#organization\"},\"potentialAction\":[{\"@type\":\"SearchAction\",\"target\":{\"@type\":\"EntryPoint\",\"urlTemplate\":\"https:\/\/himos.fi\/en\/?s={search_term_string}\"},\"query-input\":\"required name=search_term_string\"}],\"inLanguage\":\"en-US\"},{\"@type\":\"Organization\",\"@id\":\"https:\/\/himos.fi\/en\/#organization\",\"name\":\"Himos-Yhti\u00f6t Oy\",\"url\":\"https:\/\/himos.fi\/en\/\",\"logo\":{\"@type\":\"ImageObject\",\"inLanguage\":\"en-US\",\"@id\":\"https:\/\/himos.fi\/en\/#\/schema\/logo\/image\/\",\"url\":\"https:\/\/himos.fi\/wp-content\/uploads\/2019\/09\/logo-meili.jpg\",\"contentUrl\":\"https:\/\/himos.fi\/wp-content\/uploads\/2019\/09\/logo-meili.jpg\",\"width\":273,\"height\":96,\"caption\":\"Himos-Yhti\u00f6t Oy\"},\"image\":{\"@id\":\"https:\/\/himos.fi\/en\/#\/schema\/logo\/image\/\"},\"sameAs\":[\"https:\/\/www.instagram.com\/himosskiresort\/\",\"https:\/\/www.youtube.com\/channel\/UCwqSxGN5HaqH3FvCl96ZBFw\",\"https:\/\/www.facebook.com\/himosskiresort\/\"]},{\"@type\":\"Person\",\"@id\":\"https:\/\/himos.fi\/en\/#\/schema\/person\/13971d2a2eaafd278d32d5d888aeb2a0\",\"name\":\"Elsi Ojala\",\"image\":{\"@type\":\"ImageObject\",\"inLanguage\":\"en-US\",\"@id\":\"https:\/\/himos.fi\/en\/#\/schema\/person\/image\/\",\"url\":\"https:\/\/himos.fi\/wp-content\/litespeed\/avatar\/31ba8bfbe139f402744c0e6ab92c419d.jpg?ver=1776949042\",\"contentUrl\":\"https:\/\/himos.fi\/wp-content\/litespeed\/avatar\/31ba8bfbe139f402744c0e6ab92c419d.jpg?ver=1776949042\",\"caption\":\"Elsi Ojala\"},\"url\":\"https:\/\/himos.fi\/en\/author\/elsi-ojalahimos-fi\/\"}]}<\/script>\n<!-- \/ Yoast SEO plugin. -->","yoast_head_json":{"title":"HIMOS-YHTI\u00d6T VAHVISTAA KEST\u00c4V\u00c4N MATKAILUN JALUSTAA HIMOKSELLA - Himos.fi","description":"Himos-Yhti\u00f6t Oy:lle on kes\u00e4kuussa 2025 my\u00f6nnetty Sustainable Travel Finland (STF) -merkki osoituksena arvokkaasta ja pitk\u00e4j\u00e4nteisest\u00e4 ty\u00f6st\u00e4 kest\u00e4v\u00e4n matkailun eteen...","robots":{"index":"index","follow":"follow","max-snippet":"max-snippet:-1","max-image-preview":"max-image-preview:large","max-video-preview":"max-video-preview:-1"},"canonical":"https:\/\/himos.fi\/en\/himos-yhtiot-vahvistaa-kestavan-matkailun-jalustaa-himoksella\/","og_locale":"en_US","og_type":"article","og_title":"HIMOS-YHTI\u00d6T VAHVISTAA KEST\u00c4V\u00c4N MATKAILUN JALUSTAA HIMOKSELLA - Himos.fi","og_description":"Himos-Yhti\u00f6t Oy:lle on kes\u00e4kuussa 2025 my\u00f6nnetty Sustainable Travel Finland (STF) -merkki osoituksena arvokkaasta ja pitk\u00e4j\u00e4nteisest\u00e4 ty\u00f6st\u00e4 kest\u00e4v\u00e4n matkailun eteen...","og_url":"https:\/\/himos.fi\/en\/himos-yhtiot-vahvistaa-kestavan-matkailun-jalustaa-himoksella\/","og_site_name":"Himos.fi","article_publisher":"https:\/\/www.facebook.com\/himosskiresort\/","article_published_time":"2025-07-03T12:53:40+00:00","article_modified_time":"2025-07-03T13:13:10+00:00","og_image":[{"width":2560,"height":1920,"url":"https:\/\/himos.fi\/wp-content\/uploads\/2025\/07\/Lumetus_Bonus_03012025-scaled.jpeg","type":"image\/jpeg"}],"author":"Elsi Ojala","twitter_card":"summary_large_image","twitter_misc":{"Written by":"Elsi Ojala","Est. reading time":"2 minutes"},"schema":{"@context":"https:\/\/schema.org","@graph":[{"@type":"Article","@id":"https:\/\/himos.fi\/en\/himos-yhtiot-vahvistaa-kestavan-matkailun-jalustaa-himoksella\/#article","isPartOf":{"@id":"https:\/\/himos.fi\/en\/himos-yhtiot-vahvistaa-kestavan-matkailun-jalustaa-himoksella\/"},"author":{"name":"Elsi Ojala","@id":"https:\/\/himos.fi\/en\/#\/schema\/person\/13971d2a2eaafd278d32d5d888aeb2a0"},"headline":"HIMOS-YHTI\u00d6T VAHVISTAA KEST\u00c4V\u00c4N MATKAILUN JALUSTAA HIMOKSELLA","datePublished":"2025-07-03T12:53:40+00:00","dateModified":"2025-07-03T13:13:10+00:00","mainEntityOfPage":{"@id":"https:\/\/himos.fi\/en\/himos-yhtiot-vahvistaa-kestavan-matkailun-jalustaa-himoksella\/"},"wordCount":332,"publisher":{"@id":"https:\/\/himos.fi\/en\/#organization"},"articleSection":["Ajankohtaiset"],"inLanguage":"en-US"},{"@type":"WebPage","@id":"https:\/\/himos.fi\/en\/himos-yhtiot-vahvistaa-kestavan-matkailun-jalustaa-himoksella\/","url":"https:\/\/himos.fi\/en\/himos-yhtiot-vahvistaa-kestavan-matkailun-jalustaa-himoksella\/","name":"HIMOS-YHTI\u00d6T VAHVISTAA KEST\u00c4V\u00c4N MATKAILUN JALUSTAA HIMOKSELLA - Himos.fi","isPartOf":{"@id":"https:\/\/himos.fi\/en\/#website"},"datePublished":"2025-07-03T12:53:40+00:00","dateModified":"2025-07-03T13:13:10+00:00","description":"Himos-Yhti\u00f6t Oy:lle on kes\u00e4kuussa 2025 my\u00f6nnetty Sustainable Travel Finland (STF) -merkki osoituksena arvokkaasta ja pitk\u00e4j\u00e4nteisest\u00e4 ty\u00f6st\u00e4 kest\u00e4v\u00e4n matkailun eteen...","breadcrumb":{"@id":"https:\/\/himos.fi\/en\/himos-yhtiot-vahvistaa-kestavan-matkailun-jalustaa-himoksella\/#breadcrumb"},"inLanguage":"en-US","potentialAction":[{"@type":"ReadAction","target":["https:\/\/himos.fi\/en\/himos-yhtiot-vahvistaa-kestavan-matkailun-jalustaa-himoksella\/"]}]},{"@type":"BreadcrumbList","@id":"https:\/\/himos.fi\/en\/himos-yhtiot-vahvistaa-kestavan-matkailun-jalustaa-himoksella\/#breadcrumb","itemListElement":[{"@type":"ListItem","position":1,"name":"Home","item":"https:\/\/himos.fi\/en\/"},{"@type":"ListItem","position":2,"name":"HIMOS-YHTI\u00d6T VAHVISTAA KEST\u00c4V\u00c4N MATKAILUN JALUSTAA HIMOKSELLA"}]},{"@type":"WebSite","@id":"https:\/\/himos.fi\/en\/#website","url":"https:\/\/himos.fi\/en\/","name":"Himos.fi","description":"Lumi-Suomen keskipiste!","publisher":{"@id":"https:\/\/himos.fi\/en\/#organization"},"potentialAction":[{"@type":"SearchAction","target":{"@type":"EntryPoint","urlTemplate":"https:\/\/himos.fi\/en\/?s={search_term_string}"},"query-input":"required name=search_term_string"}],"inLanguage":"en-US"},{"@type":"Organization","@id":"https:\/\/himos.fi\/en\/#organization","name":"Himos-Yhti\u00f6t Oy","url":"https:\/\/himos.fi\/en\/","logo":{"@type":"ImageObject","inLanguage":"en-US","@id":"https:\/\/himos.fi\/en\/#\/schema\/logo\/image\/","url":"https:\/\/himos.fi\/wp-content\/uploads\/2019\/09\/logo-meili.jpg","contentUrl":"https:\/\/himos.fi\/wp-content\/uploads\/2019\/09\/logo-meili.jpg","width":273,"height":96,"caption":"Himos-Yhti\u00f6t Oy"},"image":{"@id":"https:\/\/himos.fi\/en\/#\/schema\/logo\/image\/"},"sameAs":["https:\/\/www.instagram.com\/himosskiresort\/","https:\/\/www.youtube.com\/channel\/UCwqSxGN5HaqH3FvCl96ZBFw","https:\/\/www.facebook.com\/himosskiresort\/"]},{"@type":"Person","@id":"https:\/\/himos.fi\/en\/#\/schema\/person\/13971d2a2eaafd278d32d5d888aeb2a0","name":"Elsi Ojala","image":{"@type":"ImageObject","inLanguage":"en-US","@id":"https:\/\/himos.fi\/en\/#\/schema\/person\/image\/","url":"https:\/\/himos.fi\/wp-content\/litespeed\/avatar\/31ba8bfbe139f402744c0e6ab92c419d.jpg?ver=1776949042","contentUrl":"https:\/\/himos.fi\/wp-content\/litespeed\/avatar\/31ba8bfbe139f402744c0e6ab92c419d.jpg?ver=1776949042","caption":"Elsi Ojala"},"url":"https:\/\/himos.fi\/en\/author\/elsi-ojalahimos-fi\/"}]}},"_links":{"self":[{"href":"https:\/\/himos.fi\/en\/wp-json\/wp\/v2\/posts\/27470"}],"collection":[{"href":"https:\/\/himos.fi\/en\/wp-json\/wp\/v2\/posts"}],"about":[{"href":"https:\/\/himos.fi\/en\/wp-json\/wp\/v2\/types\/post"}],"author":[{"embeddable":true,"href":"https:\/\/himos.fi\/en\/wp-json\/wp\/v2\/users\/3"}],"replies":[{"embeddable":true,"href":"https:\/\/himos.fi\/en\/wp-json\/wp\/v2\/comments?post=27470"}],"version-history":[{"count":7,"href":"https:\/\/himos.fi\/en\/wp-json\/wp\/v2\/posts\/27470\/revisions"}],"predecessor-version":[{"id":27497,"href":"https:\/\/himos.fi\/en\/wp-json\/wp\/v2\/posts\/27470\/revisions\/27497"}],"wp:featuredmedia":[{"embeddable":true,"href":"https:\/\/himos.fi\/en\/wp-json\/wp\/v2\/media\/27471"}],"wp:attachment":[{"href":"https:\/\/himos.fi\/en\/wp-json\/wp\/v2\/media?parent=27470"}],"wp:term":[{"taxonomy":"category","embeddable":true,"href":"https:\/\/himos.fi\/en\/wp-json\/wp\/v2\/categories?post=27470"}],"curies":[{"name":"wp","href":"https:\/\/api.w.org\/{rel}","templated":true}]}}