{"id":27841,"date":"2025-09-08T21:54:02","date_gmt":"2025-09-08T18:54:02","guid":{"rendered":"https:\/\/himos.fi\/?p=27841"},"modified":"2025-10-16T13:36:23","modified_gmt":"2025-10-16T10:36:23","slug":"himos-yhtiot-tukee-jamsan-ekaluokkalaisten-lasketteluharrastusta-kaudella-25-26","status":"publish","type":"post","link":"https:\/\/himos.fi\/en\/himos-yhtiot-tukee-jamsan-ekaluokkalaisten-lasketteluharrastusta-kaudella-25-26\/","title":{"rendered":"Himos-Yhti\u00f6t tukee J\u00e4ms\u00e4n ekaluokkalaisten lasketteluharrastusta kaudella 25-26"},"content":{"rendered":"\n<p>Lasten ja nuorten liikkuminen on usean tutkimuksen mukaan v\u00e4hentynyt ruutuajan lis\u00e4\u00e4ntyess\u00e4. Toukokuussa 2025 julkaistun Lasten ja nuorten liikuntak\u00e4ytt\u00e4ytyminen Suomessa (LIITU) \u2013 tutkimuksen mukaan vain 32% t\u00e4ytt\u00e4\u00e4 p\u00e4ivitt\u00e4isen liikkumissuosituksen. *<\/p>\n\n\n\n<p>Himos-Yhti\u00f6t Oy haluaa osaltaan kannustaa lapsia liikkumaan ja ulkoilemaan, ja tarjoaa osana vastuullisuusohjelmaansa kaudella 25-26 kaikille J\u00e4ms\u00e4n ekaluokkalaisille kausikortit arvonlis\u00e4veron hinnalla. Lis\u00e4ksi lastenlippujen ik\u00e4raja nousee 12 ik\u00e4vuoteen aiemmasta 11 ik\u00e4vuodesta.<\/p>\n\n\n\n<p>-Laskettelu ja lumilautailu ovat tutkitusti pit\u00e4neet pintansa lasten ja nuorten suosituimpien harrastusten listalla. Haluamme siksi tarjota J\u00e4ms\u00e4n ekaluokkalaisille mahdollisuuden tutustua rinnelajeihin ja sit\u00e4 kautta lis\u00e4t\u00e4 kipin\u00e4\u00e4 liikunnan harrastamiseen. Lumilajien mukanaan tuoman ilon ja riemun sek\u00e4 rinne-el\u00e4mysten tarjoaminen on aina ollut meille syd\u00e4menasia, toimitusjohtaja Elsi Ojala sanoo.<\/p>\n\n\n\n<p><strong>Toimi n\u00e4in, mik\u00e4li haluat lunastaa ekaluokkalaisen kausikorttiedun:<\/strong><br><br>1) T\u00e4yt\u00e4 <a href=\"https:\/\/link.webropolsurveys.com\/S\/2875F3CE16219FAB\" target=\"_blank\" rel=\"noreferrer noopener\">lomakkee<\/a>lle ekaluokkalaisen henkil\u00f6tiedot<\/p>\n\n\n\n<p>2) L\u00e4het\u00e4 valokuva osoitteeseen <a href=\"mailto:myynti@himos.fi\">myynti@himos.fi<\/a><\/p>\n\n\n\n<p>3) Pyyd\u00e4 koulusihteerilt\u00e4 opintotodistus, jolla todennat ekaluokkalaisen opiskelun ensimm\u00e4isell\u00e4 luokka-asteella J\u00e4ms\u00e4n alueen koulussa (Juokslahti, J\u00e4ms\u00e4, J\u00e4ms\u00e4nkoski, Kaipola, Koskenp\u00e4\u00e4, Kuorevesi ja L\u00e4nkipohja).<\/p>\n\n\n\n<p>4) Nouda kausikortti Himos-Yhti\u00f6iden toimistolta (ennen kauden alkua) tai l\u00e4nsirinteiden lipunmyynnist\u00e4 (kauden k\u00e4ynnistytty\u00e4). Opintotodistus tulee esitt\u00e4\u00e4 kausikortin ostohetkell\u00e4.<\/p>\n\n\n\n<p>Himos-Yhti\u00f6iden toimisto (osoitteessa L\u00e4nsikeskuksentie 11) on p\u00e4\u00e4s\u00e4\u00e4nt\u00f6isesti avoinna maanantaista perjantaihin klo 9-11 ja 12-15. Kauden k\u00e4ynnistytty\u00e4 l\u00e4nsirinteiden lipunmyynti palvelee rinteiden aukioloaikojen mukaisesti. Etu tulee lunastaa 31.12.2025 menness\u00e4.<\/p>\n\n\n\n<p>Arvonlis\u00e4veron m\u00e4\u00e4r\u00e4 on 27 \u20ac ja mik\u00e4li k\u00e4ytett\u00e4viss\u00e4 ei ole uudelleen ladattavaa Axess-sirukorttia, sellaisen voi ostaa kortin noudon yhteydess\u00e4 hintaan 8 \u20ac. Himoksen kausikorttiin sis\u00e4ltyy sis\u00e4\u00e4np\u00e4\u00e4sy Himos Lumilaan ja lis\u00e4ksi sill\u00e4 saa rahanarvoisia <a href=\"https:\/\/himos.fi\/en\/kausikorttilaisen-edut\/\">etuja rinnepalveluista<\/a>.<\/p>\n\n\n\n<p>*Kansallinen Liitu-tutkimus: Lasten ja nuorten liikuntak\u00e4ytt\u00e4ytyminen Suomessa \u2013 LIITU-tutkimuksen tuloksia 2024<br>**Opetus- ja Kulttuuriministeri\u00f6, Koululaiskysely 2024<\/p>\n\n\n\n<p>Artikkeli on julkaistu 8.9.2025<br><\/p>\n","protected":false},"excerpt":{"rendered":"<p>Lasten ja nuorten liikkuminen on usean tutkimuksen mukaan v\u00e4hentynyt ruutuajan lis\u00e4\u00e4ntyess\u00e4. Toukokuussa 2025 julkaistun Lasten ja nuorten liikuntak\u00e4ytt\u00e4ytyminen Suomessa (LIITU) \u2013 tutkimuksen mukaan vain 32% t\u00e4ytt\u00e4\u00e4 p\u00e4ivitt\u00e4isen liikkumissuosituksen. * Himos-Yhti\u00f6t Oy haluaa osaltaan kannustaa lapsia liikkumaan ja ulkoilemaan, ja tarjoaa osana vastuullisuusohjelmaansa kaudella 25-26 kaikille J\u00e4ms\u00e4n ekaluokkalaisille kausikortit arvonlis\u00e4veron hinnalla. Lis\u00e4ksi lastenlippujen ik\u00e4raja nousee 12 [&hellip;]<\/p>\n","protected":false},"author":3,"featured_media":27849,"comment_status":"closed","ping_status":"open","sticky":false,"template":"","format":"standard","meta":[],"categories":[39,1],"acf":[],"featured_image_src":"https:\/\/himos.fi\/wp-content\/uploads\/2025\/09\/2CH0516A-scaled.jpg","author_info":{"display_name":"Elsi Ojala","author_link":"https:\/\/himos.fi\/en\/author\/elsi-ojalahimos-fi\/"},"yoast_head":"<!-- This site is optimized with the Yoast SEO plugin v19.11 - https:\/\/yoast.com\/wordpress\/plugins\/seo\/ -->\n<title>Himos-Yhti\u00f6t tukee J\u00e4ms\u00e4n ekaluokkalaisten lasketteluharrastusta kaudella 25-26 - Himos.fi<\/title>\n<meta name=\"description\" content=\"Himos-Yhti\u00f6t Oy haluaa osaltaan kannustaa lapsia liikkumaan ja ulkoilemaan, ja tarjoaa osana vastuullisuusohjelmaansa kaudella 25-26 kaikille J\u00e4ms\u00e4n ekaluokkalaisille kausikortit arvonlis\u00e4veron hinnalla...\" \/>\n<meta name=\"robots\" content=\"index, follow, max-snippet:-1, max-image-preview:large, max-video-preview:-1\" \/>\n<link rel=\"canonical\" href=\"https:\/\/himos.fi\/en\/himos-yhtiot-tukee-jamsan-ekaluokkalaisten-lasketteluharrastusta-kaudella-25-26\/\" \/>\n<meta property=\"og:locale\" content=\"en_US\" \/>\n<meta property=\"og:type\" content=\"article\" \/>\n<meta property=\"og:title\" content=\"Himos-Yhti\u00f6t tukee J\u00e4ms\u00e4n ekaluokkalaisten lasketteluharrastusta kaudella 25-26 - Himos.fi\" \/>\n<meta property=\"og:description\" content=\"Himos-Yhti\u00f6t Oy haluaa osaltaan kannustaa lapsia liikkumaan ja ulkoilemaan, ja tarjoaa osana vastuullisuusohjelmaansa kaudella 25-26 kaikille J\u00e4ms\u00e4n ekaluokkalaisille kausikortit arvonlis\u00e4veron hinnalla...\" \/>\n<meta property=\"og:url\" content=\"https:\/\/himos.fi\/en\/himos-yhtiot-tukee-jamsan-ekaluokkalaisten-lasketteluharrastusta-kaudella-25-26\/\" \/>\n<meta property=\"og:site_name\" content=\"Himos.fi\" \/>\n<meta property=\"article:publisher\" content=\"https:\/\/www.facebook.com\/himosskiresort\/\" \/>\n<meta property=\"article:published_time\" content=\"2025-09-08T18:54:02+00:00\" \/>\n<meta property=\"article:modified_time\" content=\"2025-10-16T10:36:23+00:00\" \/>\n<meta property=\"og:image\" content=\"https:\/\/himos.fi\/wp-content\/uploads\/2025\/09\/2CH0516A-scaled.jpg\" \/>\n\t<meta property=\"og:image:width\" content=\"2560\" \/>\n\t<meta property=\"og:image:height\" content=\"1707\" \/>\n\t<meta property=\"og:image:type\" content=\"image\/jpeg\" \/>\n<meta name=\"author\" content=\"Elsi Ojala\" \/>\n<meta name=\"twitter:card\" content=\"summary_large_image\" \/>\n<meta name=\"twitter:label1\" content=\"Written by\" \/>\n\t<meta name=\"twitter:data1\" content=\"Elsi Ojala\" \/>\n\t<meta name=\"twitter:label2\" content=\"Est. reading time\" \/>\n\t<meta name=\"twitter:data2\" content=\"1 minute\" \/>\n<script type=\"application\/ld+json\" class=\"yoast-schema-graph\">{\"@context\":\"https:\/\/schema.org\",\"@graph\":[{\"@type\":\"Article\",\"@id\":\"https:\/\/himos.fi\/en\/himos-yhtiot-tukee-jamsan-ekaluokkalaisten-lasketteluharrastusta-kaudella-25-26\/#article\",\"isPartOf\":{\"@id\":\"https:\/\/himos.fi\/en\/himos-yhtiot-tukee-jamsan-ekaluokkalaisten-lasketteluharrastusta-kaudella-25-26\/\"},\"author\":{\"name\":\"Elsi Ojala\",\"@id\":\"https:\/\/himos.fi\/en\/#\/schema\/person\/13971d2a2eaafd278d32d5d888aeb2a0\"},\"headline\":\"Himos-Yhti\u00f6t tukee J\u00e4ms\u00e4n ekaluokkalaisten lasketteluharrastusta kaudella 25-26\",\"datePublished\":\"2025-09-08T18:54:02+00:00\",\"dateModified\":\"2025-10-16T10:36:23+00:00\",\"mainEntityOfPage\":{\"@id\":\"https:\/\/himos.fi\/en\/himos-yhtiot-tukee-jamsan-ekaluokkalaisten-lasketteluharrastusta-kaudella-25-26\/\"},\"wordCount\":289,\"publisher\":{\"@id\":\"https:\/\/himos.fi\/en\/#organization\"},\"articleSection\":[\"Ajankohtaiset\",\"Ei kategoriaa\"],\"inLanguage\":\"en-US\"},{\"@type\":\"WebPage\",\"@id\":\"https:\/\/himos.fi\/en\/himos-yhtiot-tukee-jamsan-ekaluokkalaisten-lasketteluharrastusta-kaudella-25-26\/\",\"url\":\"https:\/\/himos.fi\/en\/himos-yhtiot-tukee-jamsan-ekaluokkalaisten-lasketteluharrastusta-kaudella-25-26\/\",\"name\":\"Himos-Yhti\u00f6t tukee J\u00e4ms\u00e4n ekaluokkalaisten lasketteluharrastusta kaudella 25-26 - Himos.fi\",\"isPartOf\":{\"@id\":\"https:\/\/himos.fi\/en\/#website\"},\"datePublished\":\"2025-09-08T18:54:02+00:00\",\"dateModified\":\"2025-10-16T10:36:23+00:00\",\"description\":\"Himos-Yhti\u00f6t Oy haluaa osaltaan kannustaa lapsia liikkumaan ja ulkoilemaan, ja tarjoaa osana vastuullisuusohjelmaansa kaudella 25-26 kaikille J\u00e4ms\u00e4n ekaluokkalaisille kausikortit arvonlis\u00e4veron hinnalla...\",\"breadcrumb\":{\"@id\":\"https:\/\/himos.fi\/en\/himos-yhtiot-tukee-jamsan-ekaluokkalaisten-lasketteluharrastusta-kaudella-25-26\/#breadcrumb\"},\"inLanguage\":\"en-US\",\"potentialAction\":[{\"@type\":\"ReadAction\",\"target\":[\"https:\/\/himos.fi\/en\/himos-yhtiot-tukee-jamsan-ekaluokkalaisten-lasketteluharrastusta-kaudella-25-26\/\"]}]},{\"@type\":\"BreadcrumbList\",\"@id\":\"https:\/\/himos.fi\/en\/himos-yhtiot-tukee-jamsan-ekaluokkalaisten-lasketteluharrastusta-kaudella-25-26\/#breadcrumb\",\"itemListElement\":[{\"@type\":\"ListItem\",\"position\":1,\"name\":\"Home\",\"item\":\"https:\/\/himos.fi\/en\/\"},{\"@type\":\"ListItem\",\"position\":2,\"name\":\"Himos-Yhti\u00f6t tukee J\u00e4ms\u00e4n ekaluokkalaisten lasketteluharrastusta kaudella 25-26\"}]},{\"@type\":\"WebSite\",\"@id\":\"https:\/\/himos.fi\/en\/#website\",\"url\":\"https:\/\/himos.fi\/en\/\",\"name\":\"Himos.fi\",\"description\":\"Lumi-Suomen keskipiste!\",\"publisher\":{\"@id\":\"https:\/\/himos.fi\/en\/#organization\"},\"potentialAction\":[{\"@type\":\"SearchAction\",\"target\":{\"@type\":\"EntryPoint\",\"urlTemplate\":\"https:\/\/himos.fi\/en\/?s={search_term_string}\"},\"query-input\":\"required name=search_term_string\"}],\"inLanguage\":\"en-US\"},{\"@type\":\"Organization\",\"@id\":\"https:\/\/himos.fi\/en\/#organization\",\"name\":\"Himos-Yhti\u00f6t Oy\",\"url\":\"https:\/\/himos.fi\/en\/\",\"logo\":{\"@type\":\"ImageObject\",\"inLanguage\":\"en-US\",\"@id\":\"https:\/\/himos.fi\/en\/#\/schema\/logo\/image\/\",\"url\":\"https:\/\/himos.fi\/wp-content\/uploads\/2019\/09\/logo-meili.jpg\",\"contentUrl\":\"https:\/\/himos.fi\/wp-content\/uploads\/2019\/09\/logo-meili.jpg\",\"width\":273,\"height\":96,\"caption\":\"Himos-Yhti\u00f6t Oy\"},\"image\":{\"@id\":\"https:\/\/himos.fi\/en\/#\/schema\/logo\/image\/\"},\"sameAs\":[\"https:\/\/www.instagram.com\/himosskiresort\/\",\"https:\/\/www.youtube.com\/channel\/UCwqSxGN5HaqH3FvCl96ZBFw\",\"https:\/\/www.facebook.com\/himosskiresort\/\"]},{\"@type\":\"Person\",\"@id\":\"https:\/\/himos.fi\/en\/#\/schema\/person\/13971d2a2eaafd278d32d5d888aeb2a0\",\"name\":\"Elsi Ojala\",\"image\":{\"@type\":\"ImageObject\",\"inLanguage\":\"en-US\",\"@id\":\"https:\/\/himos.fi\/en\/#\/schema\/person\/image\/\",\"url\":\"https:\/\/himos.fi\/wp-content\/litespeed\/avatar\/31ba8bfbe139f402744c0e6ab92c419d.jpg?ver=1776949042\",\"contentUrl\":\"https:\/\/himos.fi\/wp-content\/litespeed\/avatar\/31ba8bfbe139f402744c0e6ab92c419d.jpg?ver=1776949042\",\"caption\":\"Elsi Ojala\"},\"url\":\"https:\/\/himos.fi\/en\/author\/elsi-ojalahimos-fi\/\"}]}<\/script>\n<!-- \/ Yoast SEO plugin. -->","yoast_head_json":{"title":"Himos-Yhti\u00f6t tukee J\u00e4ms\u00e4n ekaluokkalaisten lasketteluharrastusta kaudella 25-26 - Himos.fi","description":"Himos-Yhti\u00f6t Oy haluaa osaltaan kannustaa lapsia liikkumaan ja ulkoilemaan, ja tarjoaa osana vastuullisuusohjelmaansa kaudella 25-26 kaikille J\u00e4ms\u00e4n ekaluokkalaisille kausikortit arvonlis\u00e4veron hinnalla...","robots":{"index":"index","follow":"follow","max-snippet":"max-snippet:-1","max-image-preview":"max-image-preview:large","max-video-preview":"max-video-preview:-1"},"canonical":"https:\/\/himos.fi\/en\/himos-yhtiot-tukee-jamsan-ekaluokkalaisten-lasketteluharrastusta-kaudella-25-26\/","og_locale":"en_US","og_type":"article","og_title":"Himos-Yhti\u00f6t tukee J\u00e4ms\u00e4n ekaluokkalaisten lasketteluharrastusta kaudella 25-26 - Himos.fi","og_description":"Himos-Yhti\u00f6t Oy haluaa osaltaan kannustaa lapsia liikkumaan ja ulkoilemaan, ja tarjoaa osana vastuullisuusohjelmaansa kaudella 25-26 kaikille J\u00e4ms\u00e4n ekaluokkalaisille kausikortit arvonlis\u00e4veron hinnalla...","og_url":"https:\/\/himos.fi\/en\/himos-yhtiot-tukee-jamsan-ekaluokkalaisten-lasketteluharrastusta-kaudella-25-26\/","og_site_name":"Himos.fi","article_publisher":"https:\/\/www.facebook.com\/himosskiresort\/","article_published_time":"2025-09-08T18:54:02+00:00","article_modified_time":"2025-10-16T10:36:23+00:00","og_image":[{"width":2560,"height":1707,"url":"https:\/\/himos.fi\/wp-content\/uploads\/2025\/09\/2CH0516A-scaled.jpg","type":"image\/jpeg"}],"author":"Elsi Ojala","twitter_card":"summary_large_image","twitter_misc":{"Written by":"Elsi Ojala","Est. reading time":"1 minute"},"schema":{"@context":"https:\/\/schema.org","@graph":[{"@type":"Article","@id":"https:\/\/himos.fi\/en\/himos-yhtiot-tukee-jamsan-ekaluokkalaisten-lasketteluharrastusta-kaudella-25-26\/#article","isPartOf":{"@id":"https:\/\/himos.fi\/en\/himos-yhtiot-tukee-jamsan-ekaluokkalaisten-lasketteluharrastusta-kaudella-25-26\/"},"author":{"name":"Elsi Ojala","@id":"https:\/\/himos.fi\/en\/#\/schema\/person\/13971d2a2eaafd278d32d5d888aeb2a0"},"headline":"Himos-Yhti\u00f6t tukee J\u00e4ms\u00e4n ekaluokkalaisten lasketteluharrastusta kaudella 25-26","datePublished":"2025-09-08T18:54:02+00:00","dateModified":"2025-10-16T10:36:23+00:00","mainEntityOfPage":{"@id":"https:\/\/himos.fi\/en\/himos-yhtiot-tukee-jamsan-ekaluokkalaisten-lasketteluharrastusta-kaudella-25-26\/"},"wordCount":289,"publisher":{"@id":"https:\/\/himos.fi\/en\/#organization"},"articleSection":["Ajankohtaiset","Ei kategoriaa"],"inLanguage":"en-US"},{"@type":"WebPage","@id":"https:\/\/himos.fi\/en\/himos-yhtiot-tukee-jamsan-ekaluokkalaisten-lasketteluharrastusta-kaudella-25-26\/","url":"https:\/\/himos.fi\/en\/himos-yhtiot-tukee-jamsan-ekaluokkalaisten-lasketteluharrastusta-kaudella-25-26\/","name":"Himos-Yhti\u00f6t tukee J\u00e4ms\u00e4n ekaluokkalaisten lasketteluharrastusta kaudella 25-26 - Himos.fi","isPartOf":{"@id":"https:\/\/himos.fi\/en\/#website"},"datePublished":"2025-09-08T18:54:02+00:00","dateModified":"2025-10-16T10:36:23+00:00","description":"Himos-Yhti\u00f6t Oy haluaa osaltaan kannustaa lapsia liikkumaan ja ulkoilemaan, ja tarjoaa osana vastuullisuusohjelmaansa kaudella 25-26 kaikille J\u00e4ms\u00e4n ekaluokkalaisille kausikortit arvonlis\u00e4veron hinnalla...","breadcrumb":{"@id":"https:\/\/himos.fi\/en\/himos-yhtiot-tukee-jamsan-ekaluokkalaisten-lasketteluharrastusta-kaudella-25-26\/#breadcrumb"},"inLanguage":"en-US","potentialAction":[{"@type":"ReadAction","target":["https:\/\/himos.fi\/en\/himos-yhtiot-tukee-jamsan-ekaluokkalaisten-lasketteluharrastusta-kaudella-25-26\/"]}]},{"@type":"BreadcrumbList","@id":"https:\/\/himos.fi\/en\/himos-yhtiot-tukee-jamsan-ekaluokkalaisten-lasketteluharrastusta-kaudella-25-26\/#breadcrumb","itemListElement":[{"@type":"ListItem","position":1,"name":"Home","item":"https:\/\/himos.fi\/en\/"},{"@type":"ListItem","position":2,"name":"Himos-Yhti\u00f6t tukee J\u00e4ms\u00e4n ekaluokkalaisten lasketteluharrastusta kaudella 25-26"}]},{"@type":"WebSite","@id":"https:\/\/himos.fi\/en\/#website","url":"https:\/\/himos.fi\/en\/","name":"Himos.fi","description":"Lumi-Suomen keskipiste!","publisher":{"@id":"https:\/\/himos.fi\/en\/#organization"},"potentialAction":[{"@type":"SearchAction","target":{"@type":"EntryPoint","urlTemplate":"https:\/\/himos.fi\/en\/?s={search_term_string}"},"query-input":"required name=search_term_string"}],"inLanguage":"en-US"},{"@type":"Organization","@id":"https:\/\/himos.fi\/en\/#organization","name":"Himos-Yhti\u00f6t Oy","url":"https:\/\/himos.fi\/en\/","logo":{"@type":"ImageObject","inLanguage":"en-US","@id":"https:\/\/himos.fi\/en\/#\/schema\/logo\/image\/","url":"https:\/\/himos.fi\/wp-content\/uploads\/2019\/09\/logo-meili.jpg","contentUrl":"https:\/\/himos.fi\/wp-content\/uploads\/2019\/09\/logo-meili.jpg","width":273,"height":96,"caption":"Himos-Yhti\u00f6t Oy"},"image":{"@id":"https:\/\/himos.fi\/en\/#\/schema\/logo\/image\/"},"sameAs":["https:\/\/www.instagram.com\/himosskiresort\/","https:\/\/www.youtube.com\/channel\/UCwqSxGN5HaqH3FvCl96ZBFw","https:\/\/www.facebook.com\/himosskiresort\/"]},{"@type":"Person","@id":"https:\/\/himos.fi\/en\/#\/schema\/person\/13971d2a2eaafd278d32d5d888aeb2a0","name":"Elsi Ojala","image":{"@type":"ImageObject","inLanguage":"en-US","@id":"https:\/\/himos.fi\/en\/#\/schema\/person\/image\/","url":"https:\/\/himos.fi\/wp-content\/litespeed\/avatar\/31ba8bfbe139f402744c0e6ab92c419d.jpg?ver=1776949042","contentUrl":"https:\/\/himos.fi\/wp-content\/litespeed\/avatar\/31ba8bfbe139f402744c0e6ab92c419d.jpg?ver=1776949042","caption":"Elsi Ojala"},"url":"https:\/\/himos.fi\/en\/author\/elsi-ojalahimos-fi\/"}]}},"_links":{"self":[{"href":"https:\/\/himos.fi\/en\/wp-json\/wp\/v2\/posts\/27841"}],"collection":[{"href":"https:\/\/himos.fi\/en\/wp-json\/wp\/v2\/posts"}],"about":[{"href":"https:\/\/himos.fi\/en\/wp-json\/wp\/v2\/types\/post"}],"author":[{"embeddable":true,"href":"https:\/\/himos.fi\/en\/wp-json\/wp\/v2\/users\/3"}],"replies":[{"embeddable":true,"href":"https:\/\/himos.fi\/en\/wp-json\/wp\/v2\/comments?post=27841"}],"version-history":[{"count":2,"href":"https:\/\/himos.fi\/en\/wp-json\/wp\/v2\/posts\/27841\/revisions"}],"predecessor-version":[{"id":28328,"href":"https:\/\/himos.fi\/en\/wp-json\/wp\/v2\/posts\/27841\/revisions\/28328"}],"wp:featuredmedia":[{"embeddable":true,"href":"https:\/\/himos.fi\/en\/wp-json\/wp\/v2\/media\/27849"}],"wp:attachment":[{"href":"https:\/\/himos.fi\/en\/wp-json\/wp\/v2\/media?parent=27841"}],"wp:term":[{"taxonomy":"category","embeddable":true,"href":"https:\/\/himos.fi\/en\/wp-json\/wp\/v2\/categories?post=27841"}],"curies":[{"name":"wp","href":"https:\/\/api.w.org\/{rel}","templated":true}]}}