{"id":6788,"date":"2021-02-07T19:37:07","date_gmt":"2021-02-07T17:37:07","guid":{"rendered":"https:\/\/himos.fi\/?p=6788"},"modified":"2022-02-01T11:13:03","modified_gmt":"2022-02-01T09:13:03","slug":"hiihtolomaviikkojen-8-ja-9-mini-wernerikurssit","status":"publish","type":"post","link":"https:\/\/himos.fi\/en\/hiihtolomaviikkojen-8-ja-9-mini-wernerikurssit\/","title":{"rendered":"HIIHTOLOMAVIIKKOJEN 8 ja 9 MINI-WERNERIKURSSIT"},"content":{"rendered":"\n<h2>HIIHTOLOMILLA J\u00c4RJESTETT\u00c4V\u00c4T LASTEN MINI-WERNERIKURSSIT:<\/h2>\n\n\n\n<p>Kurssit ovat yksip\u00e4iv\u00e4isi\u00e4. <br><strong>Kurssin kesto 2 x 90 minuuttia, klo 10.30-12.00 ja 13.00-14.30.<\/strong><br>Kurssit ovat tarkoitettu 6 ik\u00e4vuodesta 11 ik\u00e4vuoteen.<br>Kurssit toteutuvat kun niiss\u00e4 on v\u00e4hint\u00e4\u00e4n 3 osallistujaa\/kurssi. Maksimim\u00e4\u00e4r\u00e4 osallistujia kursseissa 6.<\/p>\n\n\n\n<p><strong>Ilmoittautuminen tapahtuu alla olevien linkkien kautta<\/strong>. Ilmoittautuminen kurssille sulkeutuu 24h ennen kurssin alkua.<br><strong>Maksu paikanp\u00e4\u00e4ll\u00e4 hiihtokoulu toimistolla<\/strong>. Hiihtokoulun toimisto sijaitsee l\u00e4nsirinteill\u00e4 Ski Shopin yhteydess\u00e4, k\u00e4ynti liukuovista sis\u00e4\u00e4n.<\/p>\n\n\n\n<p><strong>Kurssimaksu 110 euroa\/hl\u00f6.<\/strong><br>Hintaan ei sis\u00e4lly hissilippu eik\u00e4 varusteet. Kurssit j\u00e4rjestet\u00e4\u00e4n Lumila-alueella, jonne ei kurssin aikana tarvitse aluelippua. Jos osallistuja j\u00e4\u00e4 kurssin p\u00e4\u00e4tteeksi Lumilaan, tulee h\u00e4nell\u00e4 olla Lumilan aluelippu. Lippuja myynniss\u00e4 lipunmyyntipisteiss\u00e4 ja nettikaupassa.<br><br>Vuokratessasi varusteet, muista varata riitt\u00e4v\u00e4sti aikaa vuokraamossa asiointiin. Vuokraamoon jonotetaan ulkona.<\/p>\n\n\n\n<p><em><strong>Kurssin peruutus kuluitta viimeist\u00e4\u00e4n 12h ennen kurssin alkua. My\u00f6hemmin perutuista kursseista perit\u00e4\u00e4n peruutuskulut 50% kurssin hinnasta.<\/strong><\/em><\/p>\n\n\n\n<p> Lis\u00e4tietoja s\u00e4hk\u00f6postitse hiihtokoulu@himos.fi tai soita 020 711 9119 \/ 040 580 0902. <\/p>\n\n\n\n<h2>SUKSIKURSSIT<\/h2>\n\n\n\n<p><strong>MINI LUMIWERNERIKURSSI &#8211; SUKSI, ALKEET<\/strong><br>Kurssi on tarkoitettu laskettelua aloittelevalle lapselle, aikaisempaa laskukokemusta ei tarvita. Kurssilla harjoitellaan rinteess\u00e4 liikkumisen aakkosia: tutustutaan lasketteluv\u00e4lineisiin ja opitaan rinnes\u00e4\u00e4nn\u00f6t, harjoitellaan mm. vauhdin s\u00e4\u00e4tely\u00e4 auraamalla ja hallittua pys\u00e4htymist\u00e4. Lapset opettelevat k\u00e4ytt\u00e4m\u00e4\u00e4n hissi\u00e4 omatoimisesti (matto- ja sompahissi).<br>Kurssi on tarkoitettu 6 vuotta t\u00e4ytt\u00e4neille ja sit\u00e4 vanhemmille lapsille. Ik\u00e4suositus 6-8 vuotta.<br>Kurssin toteutuminen vaatii v\u00e4hint\u00e4\u00e4n 3 osallistujaa ja maksimi 6 osallistujaa.<\/p>\n\n\n\n<p><strong>MINI VAUHTIWERNERIKURSSI &#8211; SUKSI, JATKO<\/strong><br>Kurssilla vahvistetaan jo opittuja taitoja, kuten k\u00e4\u00e4nn\u00f6ksi\u00e4 sek\u00e4 vauhdin hallintaa ja menn\u00e4\u00e4n kohti vauhdikkaampaa laskemista turvallisuutta unohtamatta. Aloitamme Lumilan helpoista rinteist\u00e4, joista siirrymme kohti sinisi\u00e4 rinteit\u00e4. Kurssille osallistuvan tulee osata k\u00e4\u00e4nty\u00e4, jarruttaa ja pys\u00e4hty\u00e4 auraamalla, sek\u00e4 k\u00e4ytt\u00e4\u00e4 matto- ja sompahissi\u00e4. <br>Kurssi tarkoitettu 9 vuotta t\u00e4ytt\u00e4neille ja sit\u00e4 vanhemmille lapsille. Ik\u00e4suositus 9-11 vuotta.<br>Kurssin toteutuminen vaatii v\u00e4hint\u00e4\u00e4n 3 osallistujaa ja maksimi 6 osallistujaa. <\/p>\n\n\n\n<h2>Mini LumiWerneri, suksi alkeet ilmoittautumislinkit<\/h2>\n\n\n\n<div class=\"wp-container-5 wp-block-columns has-2-columns\">\n<div class=\"wp-container-1 wp-block-column\">\n<div class=\"wp-block-button\"><a class=\"wp-block-button__link has-text-color has-background no-border-radius\" href=\"https:\/\/www.lyyti.in\/minilumiwernerila19022022\" style=\"background-color:#00569f;color:#ffffff\" target=\"_blank\" rel=\"noreferrer noopener\">Mini LumiWerneri, suksi alkeet<br>LA 19.2.<\/a><\/div>\n<\/div>\n\n\n\n<div class=\"wp-container-2 wp-block-column\">\n<div class=\"wp-block-button\"><a class=\"wp-block-button__link has-text-color has-background no-border-radius\" href=\"https:\/\/www.lyyti.in\/minilumiwernerisu20022022\" style=\"background-color:#00569f;color:#ffffff\" target=\"_blank\" rel=\"noreferrer noopener\">Mini LumiWerneri, suksi alkeet<br>SU 20.2.<\/a><\/div>\n<\/div>\n\n\n\n<div class=\"wp-container-3 wp-block-column\">\n<div class=\"wp-block-button\"><a class=\"wp-block-button__link has-text-color has-background no-border-radius\" href=\"https:\/\/www.lyyti.in\/minilumiwernerima21022022\" style=\"background-color:#00569f;color:#ffffff\" target=\"_blank\" rel=\"noreferrer noopener\">Mini LumiWerneri, suksi alkeet<br>MA 21.2.<\/a><\/div>\n<\/div>\n\n\n\n<div class=\"wp-container-4 wp-block-column\">\n<div class=\"wp-block-button alignleft\"><a class=\"wp-block-button__link has-text-color has-background no-border-radius\" href=\"https:\/\/www.lyyti.in\/minilumiwernerito24022022\" style=\"background-color:#00569f;color:#ffffff\" target=\"_blank\" rel=\"noreferrer noopener\">Mini LumiWerneri, suksi alkeet<br>TO 24.2.<\/a><\/div>\n\n\n\n<p><\/p>\n<\/div>\n<\/div>\n\n\n\n<div class=\"wp-container-11 wp-block-columns has-2-columns\">\n<div class=\"wp-container-6 wp-block-column\">\n<div class=\"wp-block-button\"><a class=\"wp-block-button__link has-text-color has-background no-border-radius\" href=\"https:\/\/www.lyyti.in\/minilumiwerneri26022022\" style=\"background-color:#00569f;color:#ffffff\" target=\"_blank\" rel=\"noreferrer noopener\">Mini LumiWerneri, suksi alkeet<br>LA 26.2.<\/a><\/div>\n<\/div>\n\n\n\n<div class=\"wp-container-7 wp-block-column\">\n<div class=\"wp-block-button\"><a class=\"wp-block-button__link has-text-color has-background no-border-radius\" href=\"https:\/\/www.lyyti.in\/minilumiwerneri27022022\" style=\"background-color:#00569f;color:#ffffff\" target=\"_blank\" rel=\"noreferrer noopener\">Mini LumiWerneri, suksi alkeet<br>SU 27.2.<\/a><\/div>\n<\/div>\n\n\n\n<div class=\"wp-container-8 wp-block-column\">\n<div class=\"wp-block-button\"><a class=\"wp-block-button__link has-text-color has-background no-border-radius\" href=\"https:\/\/www.lyyti.in\/minilumiwerneri28022022\" style=\"background-color:#00569f;color:#ffffff\" target=\"_blank\" rel=\"noreferrer noopener\">Mini LumiWerneri, suksi alkeet<br>MA 28.2.<\/a><\/div>\n<\/div>\n\n\n\n<div class=\"wp-container-9 wp-block-column\">\n<div class=\"wp-block-button\"><a class=\"wp-block-button__link has-text-color has-background no-border-radius\" href=\"https:\/\/www.lyyti.in\/minilumiwernerito03032022\" style=\"background-color:#00569f;color:#ffffff\" target=\"_blank\" rel=\"noreferrer noopener\">Mini LumiWerneri, suksi alkeet<br>TO 3.3.<\/a><\/div>\n<\/div>\n\n\n\n<div class=\"wp-container-10 wp-block-column\">\n<div class=\"wp-block-button aligncenter\"><a class=\"wp-block-button__link has-text-color has-background no-border-radius\" href=\"https:\/\/www.lyyti.in\/minilumiwernerila05032022\" style=\"background-color:#00569f;color:#ffffff\" target=\"_blank\" rel=\"noreferrer noopener\">Mini LumiWerneri, suksi alkeet<br>LA 5.3.<\/a><\/div>\n<\/div>\n<\/div>\n\n\n\n<div style=\"height:100px\" aria-hidden=\"true\" class=\"wp-block-spacer\"><\/div>\n\n\n\n<h2>Mini VauhtiWerneri, suksi jatko ilmoittutumislinkit<\/h2>\n\n\n\n<div class=\"wp-container-16 wp-block-columns has-2-columns\">\n<div class=\"wp-container-12 wp-block-column\">\n<div class=\"wp-block-button\"><a class=\"wp-block-button__link has-text-color has-background no-border-radius\" href=\"https:\/\/www.lyyti.in\/minivauhtiwernerila19022022\" style=\"background-color:#00569f;color:#ffffff\" target=\"_blank\" rel=\"noreferrer noopener\">Mini VauhtiWerneri, suksi jatko<br>LA 19.2.<\/a><\/div>\n<\/div>\n\n\n\n<div class=\"wp-container-13 wp-block-column\">\n<div class=\"wp-block-button\"><a class=\"wp-block-button__link has-text-color has-background no-border-radius\" href=\"https:\/\/www.lyyti.in\/minivauhtiwernerisu20022022\" style=\"background-color:#00569f;color:#ffffff\" target=\"_blank\" rel=\"noreferrer noopener\">Mini VauhtiWerneri, suksi jatko<br>SU 20.2.<\/a><\/div>\n<\/div>\n\n\n\n<div class=\"wp-container-14 wp-block-column\">\n<div class=\"wp-block-button\"><a class=\"wp-block-button__link has-text-color has-background no-border-radius\" href=\"https:\/\/www.lyyti.in\/minivauhtiwernerima21022022\" style=\"background-color:#00569f;color:#ffffff\" target=\"_blank\" rel=\"noreferrer noopener\">Mini VauhtiWerneri, suksi jatko<br>MA 21.2.<\/a><\/div>\n<\/div>\n\n\n\n<div class=\"wp-container-15 wp-block-column\">\n<div class=\"wp-block-button alignleft\"><a class=\"wp-block-button__link has-text-color has-background no-border-radius\" href=\"https:\/\/www.lyyti.in\/minivauhtiwernerito24022022\" style=\"background-color:#00569f;color:#ffffff\" target=\"_blank\" rel=\"noreferrer noopener\">Mini VauhtiWerneri, suksi jatko<br>TO 24.2.<\/a><\/div>\n\n\n\n<p><\/p>\n<\/div>\n<\/div>\n\n\n\n<div class=\"wp-container-22 wp-block-columns has-2-columns\">\n<div class=\"wp-container-17 wp-block-column\">\n<div class=\"wp-block-button\"><a class=\"wp-block-button__link has-text-color has-background no-border-radius\" href=\"https:\/\/www.lyyti.in\/minivauhtiwernerila26022022\" style=\"background-color:#00569f;color:#ffffff\" target=\"_blank\" rel=\"noreferrer noopener\">Mini VauhtiWerneri, suksi jatko<br>LA 26.2.<\/a><\/div>\n<\/div>\n\n\n\n<div class=\"wp-container-18 wp-block-column\">\n<div class=\"wp-block-button\"><a class=\"wp-block-button__link has-text-color has-background no-border-radius\" href=\"https:\/\/www.lyyti.in\/minivauhtiwernerisu27022022\" style=\"background-color:#00569f;color:#ffffff\" target=\"_blank\" rel=\"noreferrer noopener\">Mini VauhtiWerneri, suksi jatko<br>SU 27.2.<\/a><\/div>\n<\/div>\n\n\n\n<div class=\"wp-container-19 wp-block-column\">\n<div class=\"wp-block-button\"><a class=\"wp-block-button__link has-text-color has-background no-border-radius\" href=\"https:\/\/www.lyyti.in\/minivauhtiwernerima28022022\" style=\"background-color:#00569f;color:#ffffff\" target=\"_blank\" rel=\"noreferrer noopener\">Mini VauhtiWerneri, suksi jatko<br>MA 28.2.<\/a><\/div>\n<\/div>\n\n\n\n<div class=\"wp-container-20 wp-block-column\">\n<div class=\"wp-block-button\"><a class=\"wp-block-button__link has-text-color has-background no-border-radius\" href=\"https:\/\/www.lyyti.in\/minivauhtiwernerito03032022\" style=\"background-color:#00569f;color:#ffffff\" target=\"_blank\" rel=\"noreferrer noopener\">Mini VauhtiWerneri, suksi jatko<br>TO 3.3.<\/a><\/div>\n<\/div>\n\n\n\n<div class=\"wp-container-21 wp-block-column\">\n<div class=\"wp-block-button aligncenter\"><a class=\"wp-block-button__link has-text-color has-background no-border-radius\" href=\"https:\/\/www.lyyti.in\/minivauhtiwernerila05032022\" style=\"background-color:#00569f;color:#ffffff\" target=\"_blank\" rel=\"noreferrer noopener\">Mini VauhtiWerneri, suksi jatko<br>LA 5.3.<\/a><\/div>\n<\/div>\n<\/div>\n\n\n\n<p><\/p>\n","protected":false},"excerpt":{"rendered":"<p>HIIHTOLOMILLA J\u00c4RJESTETT\u00c4V\u00c4T LASTEN MINI-WERNERIKURSSIT: Kurssit ovat yksip\u00e4iv\u00e4isi\u00e4. Kurssin kesto 2 x 90 minuuttia, klo 10.30-12.00 ja 13.00-14.30.Kurssit ovat tarkoitettu 6 ik\u00e4vuodesta 11 ik\u00e4vuoteen.Kurssit toteutuvat kun niiss\u00e4 on v\u00e4hint\u00e4\u00e4n 3 osallistujaa\/kurssi. Maksimim\u00e4\u00e4r\u00e4 osallistujia kursseissa 6. Ilmoittautuminen tapahtuu alla olevien linkkien kautta. Ilmoittautuminen kurssille sulkeutuu 24h ennen kurssin alkua.Maksu paikanp\u00e4\u00e4ll\u00e4 hiihtokoulu toimistolla. Hiihtokoulun toimisto sijaitsee l\u00e4nsirinteill\u00e4 Ski [&hellip;]<\/p>\n","protected":false},"author":2,"featured_media":10664,"comment_status":"closed","ping_status":"open","sticky":false,"template":"","format":"standard","meta":[],"categories":[1],"acf":[],"featured_image_src":"https:\/\/himos.fi\/wp-content\/uploads\/2022\/02\/Weneripupu.jpg","author_info":{"display_name":"Mia Anttonen","author_link":"https:\/\/himos.fi\/en\/author\/mia-anttonenhimos-fi\/"},"yoast_head":"<!-- This site is optimized with the Yoast SEO plugin v19.11 - https:\/\/yoast.com\/wordpress\/plugins\/seo\/ -->\n<title>HIIHTOLOMAVIIKKOJEN 8 ja 9 MINI-WERNERIKURSSIT - Himos.fi | Lumi-Suomen keskipiste!<\/title>\n<meta name=\"robots\" content=\"index, follow, max-snippet:-1, max-image-preview:large, max-video-preview:-1\" \/>\n<link rel=\"canonical\" href=\"https:\/\/himos.fi\/en\/hiihtolomaviikkojen-8-ja-9-mini-wernerikurssit\/\" \/>\n<meta property=\"og:locale\" content=\"en_US\" \/>\n<meta property=\"og:type\" content=\"article\" \/>\n<meta property=\"og:title\" content=\"HIIHTOLOMAVIIKKOJEN 8 ja 9 MINI-WERNERIKURSSIT - Himos.fi | Lumi-Suomen keskipiste!\" \/>\n<meta property=\"og:description\" content=\"HIIHTOLOMILLA J\u00c4RJESTETT\u00c4V\u00c4T LASTEN MINI-WERNERIKURSSIT: Kurssit ovat yksip\u00e4iv\u00e4isi\u00e4. Kurssin kesto 2 x 90 minuuttia, klo 10.30-12.00 ja 13.00-14.30.Kurssit ovat tarkoitettu 6 ik\u00e4vuodesta 11 ik\u00e4vuoteen.Kurssit toteutuvat kun niiss\u00e4 on v\u00e4hint\u00e4\u00e4n 3 osallistujaa\/kurssi. Maksimim\u00e4\u00e4r\u00e4 osallistujia kursseissa 6. Ilmoittautuminen tapahtuu alla olevien linkkien kautta. Ilmoittautuminen kurssille sulkeutuu 24h ennen kurssin alkua.Maksu paikanp\u00e4\u00e4ll\u00e4 hiihtokoulu toimistolla. Hiihtokoulun toimisto sijaitsee l\u00e4nsirinteill\u00e4 Ski [&hellip;]\" \/>\n<meta property=\"og:url\" content=\"https:\/\/himos.fi\/en\/hiihtolomaviikkojen-8-ja-9-mini-wernerikurssit\/\" \/>\n<meta property=\"og:site_name\" content=\"Himos.fi\" \/>\n<meta property=\"article:publisher\" content=\"https:\/\/www.facebook.com\/himosskiresort\/\" \/>\n<meta property=\"article:published_time\" content=\"2021-02-07T17:37:07+00:00\" \/>\n<meta property=\"article:modified_time\" content=\"2022-02-01T09:13:03+00:00\" \/>\n<meta property=\"og:image\" content=\"https:\/\/himos.fi\/wp-content\/uploads\/2022\/02\/Weneripupu.jpg\" \/>\n\t<meta property=\"og:image:width\" content=\"1200\" \/>\n\t<meta property=\"og:image:height\" content=\"1600\" \/>\n\t<meta property=\"og:image:type\" content=\"image\/jpeg\" \/>\n<meta name=\"author\" content=\"Mia Anttonen\" \/>\n<meta name=\"twitter:card\" content=\"summary_large_image\" \/>\n<meta name=\"twitter:label1\" content=\"Written by\" \/>\n\t<meta name=\"twitter:data1\" content=\"Mia Anttonen\" \/>\n\t<meta name=\"twitter:label2\" content=\"Est. reading time\" \/>\n\t<meta name=\"twitter:data2\" content=\"2 minutes\" \/>\n<script type=\"application\/ld+json\" class=\"yoast-schema-graph\">{\"@context\":\"https:\/\/schema.org\",\"@graph\":[{\"@type\":\"Article\",\"@id\":\"https:\/\/himos.fi\/en\/hiihtolomaviikkojen-8-ja-9-mini-wernerikurssit\/#article\",\"isPartOf\":{\"@id\":\"https:\/\/himos.fi\/en\/hiihtolomaviikkojen-8-ja-9-mini-wernerikurssit\/\"},\"author\":{\"name\":\"Mia Anttonen\",\"@id\":\"https:\/\/himos.fi\/en\/#\/schema\/person\/00ddb10126194c376c46f16464c4333d\"},\"headline\":\"HIIHTOLOMAVIIKKOJEN 8 ja 9 MINI-WERNERIKURSSIT\",\"datePublished\":\"2021-02-07T17:37:07+00:00\",\"dateModified\":\"2022-02-01T09:13:03+00:00\",\"mainEntityOfPage\":{\"@id\":\"https:\/\/himos.fi\/en\/hiihtolomaviikkojen-8-ja-9-mini-wernerikurssit\/\"},\"wordCount\":387,\"publisher\":{\"@id\":\"https:\/\/himos.fi\/en\/#organization\"},\"articleSection\":[\"Ei kategoriaa\"],\"inLanguage\":\"en-US\"},{\"@type\":\"WebPage\",\"@id\":\"https:\/\/himos.fi\/en\/hiihtolomaviikkojen-8-ja-9-mini-wernerikurssit\/\",\"url\":\"https:\/\/himos.fi\/en\/hiihtolomaviikkojen-8-ja-9-mini-wernerikurssit\/\",\"name\":\"HIIHTOLOMAVIIKKOJEN 8 ja 9 MINI-WERNERIKURSSIT - Himos.fi | Lumi-Suomen keskipiste!\",\"isPartOf\":{\"@id\":\"https:\/\/himos.fi\/en\/#website\"},\"datePublished\":\"2021-02-07T17:37:07+00:00\",\"dateModified\":\"2022-02-01T09:13:03+00:00\",\"breadcrumb\":{\"@id\":\"https:\/\/himos.fi\/en\/hiihtolomaviikkojen-8-ja-9-mini-wernerikurssit\/#breadcrumb\"},\"inLanguage\":\"en-US\",\"potentialAction\":[{\"@type\":\"ReadAction\",\"target\":[\"https:\/\/himos.fi\/en\/hiihtolomaviikkojen-8-ja-9-mini-wernerikurssit\/\"]}]},{\"@type\":\"BreadcrumbList\",\"@id\":\"https:\/\/himos.fi\/en\/hiihtolomaviikkojen-8-ja-9-mini-wernerikurssit\/#breadcrumb\",\"itemListElement\":[{\"@type\":\"ListItem\",\"position\":1,\"name\":\"Home\",\"item\":\"https:\/\/himos.fi\/en\/\"},{\"@type\":\"ListItem\",\"position\":2,\"name\":\"HIIHTOLOMAVIIKKOJEN 8 ja 9 MINI-WERNERIKURSSIT\"}]},{\"@type\":\"WebSite\",\"@id\":\"https:\/\/himos.fi\/en\/#website\",\"url\":\"https:\/\/himos.fi\/en\/\",\"name\":\"Himos.fi\",\"description\":\"Lumi-Suomen keskipiste!\",\"publisher\":{\"@id\":\"https:\/\/himos.fi\/en\/#organization\"},\"potentialAction\":[{\"@type\":\"SearchAction\",\"target\":{\"@type\":\"EntryPoint\",\"urlTemplate\":\"https:\/\/himos.fi\/en\/?s={search_term_string}\"},\"query-input\":\"required name=search_term_string\"}],\"inLanguage\":\"en-US\"},{\"@type\":\"Organization\",\"@id\":\"https:\/\/himos.fi\/en\/#organization\",\"name\":\"Himos-Yhti\u00f6t Oy\",\"url\":\"https:\/\/himos.fi\/en\/\",\"logo\":{\"@type\":\"ImageObject\",\"inLanguage\":\"en-US\",\"@id\":\"https:\/\/himos.fi\/en\/#\/schema\/logo\/image\/\",\"url\":\"https:\/\/himos.fi\/wp-content\/uploads\/2019\/09\/logo-meili.jpg\",\"contentUrl\":\"https:\/\/himos.fi\/wp-content\/uploads\/2019\/09\/logo-meili.jpg\",\"width\":273,\"height\":96,\"caption\":\"Himos-Yhti\u00f6t Oy\"},\"image\":{\"@id\":\"https:\/\/himos.fi\/en\/#\/schema\/logo\/image\/\"},\"sameAs\":[\"https:\/\/www.instagram.com\/himosskiresort\/\",\"https:\/\/www.youtube.com\/channel\/UCwqSxGN5HaqH3FvCl96ZBFw\",\"https:\/\/www.facebook.com\/himosskiresort\/\"]},{\"@type\":\"Person\",\"@id\":\"https:\/\/himos.fi\/en\/#\/schema\/person\/00ddb10126194c376c46f16464c4333d\",\"name\":\"Mia Anttonen\",\"image\":{\"@type\":\"ImageObject\",\"inLanguage\":\"en-US\",\"@id\":\"https:\/\/himos.fi\/en\/#\/schema\/person\/image\/\",\"url\":\"https:\/\/himos.fi\/wp-content\/litespeed\/avatar\/2e33b3074f11e23ad661da875fc8d662.jpg?ver=1777380071\",\"contentUrl\":\"https:\/\/himos.fi\/wp-content\/litespeed\/avatar\/2e33b3074f11e23ad661da875fc8d662.jpg?ver=1777380071\",\"caption\":\"Mia Anttonen\"},\"url\":\"https:\/\/himos.fi\/en\/author\/mia-anttonenhimos-fi\/\"}]}<\/script>\n<!-- \/ Yoast SEO plugin. -->","yoast_head_json":{"title":"HIIHTOLOMAVIIKKOJEN 8 ja 9 MINI-WERNERIKURSSIT - Himos.fi | Lumi-Suomen keskipiste!","robots":{"index":"index","follow":"follow","max-snippet":"max-snippet:-1","max-image-preview":"max-image-preview:large","max-video-preview":"max-video-preview:-1"},"canonical":"https:\/\/himos.fi\/en\/hiihtolomaviikkojen-8-ja-9-mini-wernerikurssit\/","og_locale":"en_US","og_type":"article","og_title":"HIIHTOLOMAVIIKKOJEN 8 ja 9 MINI-WERNERIKURSSIT - Himos.fi | Lumi-Suomen keskipiste!","og_description":"HIIHTOLOMILLA J\u00c4RJESTETT\u00c4V\u00c4T LASTEN MINI-WERNERIKURSSIT: Kurssit ovat yksip\u00e4iv\u00e4isi\u00e4. Kurssin kesto 2 x 90 minuuttia, klo 10.30-12.00 ja 13.00-14.30.Kurssit ovat tarkoitettu 6 ik\u00e4vuodesta 11 ik\u00e4vuoteen.Kurssit toteutuvat kun niiss\u00e4 on v\u00e4hint\u00e4\u00e4n 3 osallistujaa\/kurssi. Maksimim\u00e4\u00e4r\u00e4 osallistujia kursseissa 6. Ilmoittautuminen tapahtuu alla olevien linkkien kautta. Ilmoittautuminen kurssille sulkeutuu 24h ennen kurssin alkua.Maksu paikanp\u00e4\u00e4ll\u00e4 hiihtokoulu toimistolla. Hiihtokoulun toimisto sijaitsee l\u00e4nsirinteill\u00e4 Ski [&hellip;]","og_url":"https:\/\/himos.fi\/en\/hiihtolomaviikkojen-8-ja-9-mini-wernerikurssit\/","og_site_name":"Himos.fi","article_publisher":"https:\/\/www.facebook.com\/himosskiresort\/","article_published_time":"2021-02-07T17:37:07+00:00","article_modified_time":"2022-02-01T09:13:03+00:00","og_image":[{"width":1200,"height":1600,"url":"https:\/\/himos.fi\/wp-content\/uploads\/2022\/02\/Weneripupu.jpg","type":"image\/jpeg"}],"author":"Mia Anttonen","twitter_card":"summary_large_image","twitter_misc":{"Written by":"Mia Anttonen","Est. reading time":"2 minutes"},"schema":{"@context":"https:\/\/schema.org","@graph":[{"@type":"Article","@id":"https:\/\/himos.fi\/en\/hiihtolomaviikkojen-8-ja-9-mini-wernerikurssit\/#article","isPartOf":{"@id":"https:\/\/himos.fi\/en\/hiihtolomaviikkojen-8-ja-9-mini-wernerikurssit\/"},"author":{"name":"Mia Anttonen","@id":"https:\/\/himos.fi\/en\/#\/schema\/person\/00ddb10126194c376c46f16464c4333d"},"headline":"HIIHTOLOMAVIIKKOJEN 8 ja 9 MINI-WERNERIKURSSIT","datePublished":"2021-02-07T17:37:07+00:00","dateModified":"2022-02-01T09:13:03+00:00","mainEntityOfPage":{"@id":"https:\/\/himos.fi\/en\/hiihtolomaviikkojen-8-ja-9-mini-wernerikurssit\/"},"wordCount":387,"publisher":{"@id":"https:\/\/himos.fi\/en\/#organization"},"articleSection":["Ei kategoriaa"],"inLanguage":"en-US"},{"@type":"WebPage","@id":"https:\/\/himos.fi\/en\/hiihtolomaviikkojen-8-ja-9-mini-wernerikurssit\/","url":"https:\/\/himos.fi\/en\/hiihtolomaviikkojen-8-ja-9-mini-wernerikurssit\/","name":"HIIHTOLOMAVIIKKOJEN 8 ja 9 MINI-WERNERIKURSSIT - Himos.fi | Lumi-Suomen keskipiste!","isPartOf":{"@id":"https:\/\/himos.fi\/en\/#website"},"datePublished":"2021-02-07T17:37:07+00:00","dateModified":"2022-02-01T09:13:03+00:00","breadcrumb":{"@id":"https:\/\/himos.fi\/en\/hiihtolomaviikkojen-8-ja-9-mini-wernerikurssit\/#breadcrumb"},"inLanguage":"en-US","potentialAction":[{"@type":"ReadAction","target":["https:\/\/himos.fi\/en\/hiihtolomaviikkojen-8-ja-9-mini-wernerikurssit\/"]}]},{"@type":"BreadcrumbList","@id":"https:\/\/himos.fi\/en\/hiihtolomaviikkojen-8-ja-9-mini-wernerikurssit\/#breadcrumb","itemListElement":[{"@type":"ListItem","position":1,"name":"Home","item":"https:\/\/himos.fi\/en\/"},{"@type":"ListItem","position":2,"name":"HIIHTOLOMAVIIKKOJEN 8 ja 9 MINI-WERNERIKURSSIT"}]},{"@type":"WebSite","@id":"https:\/\/himos.fi\/en\/#website","url":"https:\/\/himos.fi\/en\/","name":"Himos.fi","description":"Lumi-Suomen keskipiste!","publisher":{"@id":"https:\/\/himos.fi\/en\/#organization"},"potentialAction":[{"@type":"SearchAction","target":{"@type":"EntryPoint","urlTemplate":"https:\/\/himos.fi\/en\/?s={search_term_string}"},"query-input":"required name=search_term_string"}],"inLanguage":"en-US"},{"@type":"Organization","@id":"https:\/\/himos.fi\/en\/#organization","name":"Himos-Yhti\u00f6t Oy","url":"https:\/\/himos.fi\/en\/","logo":{"@type":"ImageObject","inLanguage":"en-US","@id":"https:\/\/himos.fi\/en\/#\/schema\/logo\/image\/","url":"https:\/\/himos.fi\/wp-content\/uploads\/2019\/09\/logo-meili.jpg","contentUrl":"https:\/\/himos.fi\/wp-content\/uploads\/2019\/09\/logo-meili.jpg","width":273,"height":96,"caption":"Himos-Yhti\u00f6t Oy"},"image":{"@id":"https:\/\/himos.fi\/en\/#\/schema\/logo\/image\/"},"sameAs":["https:\/\/www.instagram.com\/himosskiresort\/","https:\/\/www.youtube.com\/channel\/UCwqSxGN5HaqH3FvCl96ZBFw","https:\/\/www.facebook.com\/himosskiresort\/"]},{"@type":"Person","@id":"https:\/\/himos.fi\/en\/#\/schema\/person\/00ddb10126194c376c46f16464c4333d","name":"Mia Anttonen","image":{"@type":"ImageObject","inLanguage":"en-US","@id":"https:\/\/himos.fi\/en\/#\/schema\/person\/image\/","url":"https:\/\/himos.fi\/wp-content\/litespeed\/avatar\/2e33b3074f11e23ad661da875fc8d662.jpg?ver=1777380071","contentUrl":"https:\/\/himos.fi\/wp-content\/litespeed\/avatar\/2e33b3074f11e23ad661da875fc8d662.jpg?ver=1777380071","caption":"Mia Anttonen"},"url":"https:\/\/himos.fi\/en\/author\/mia-anttonenhimos-fi\/"}]}},"_links":{"self":[{"href":"https:\/\/himos.fi\/en\/wp-json\/wp\/v2\/posts\/6788"}],"collection":[{"href":"https:\/\/himos.fi\/en\/wp-json\/wp\/v2\/posts"}],"about":[{"href":"https:\/\/himos.fi\/en\/wp-json\/wp\/v2\/types\/post"}],"author":[{"embeddable":true,"href":"https:\/\/himos.fi\/en\/wp-json\/wp\/v2\/users\/2"}],"replies":[{"embeddable":true,"href":"https:\/\/himos.fi\/en\/wp-json\/wp\/v2\/comments?post=6788"}],"version-history":[{"count":22,"href":"https:\/\/himos.fi\/en\/wp-json\/wp\/v2\/posts\/6788\/revisions"}],"predecessor-version":[{"id":10581,"href":"https:\/\/himos.fi\/en\/wp-json\/wp\/v2\/posts\/6788\/revisions\/10581"}],"wp:featuredmedia":[{"embeddable":true,"href":"https:\/\/himos.fi\/en\/wp-json\/wp\/v2\/media\/10664"}],"wp:attachment":[{"href":"https:\/\/himos.fi\/en\/wp-json\/wp\/v2\/media?parent=6788"}],"wp:term":[{"taxonomy":"category","embeddable":true,"href":"https:\/\/himos.fi\/en\/wp-json\/wp\/v2\/categories?post=6788"}],"curies":[{"name":"wp","href":"https:\/\/api.w.org\/{rel}","templated":true}]}}